{"id":95085,"date":"2026-01-26T16:32:23","date_gmt":"2026-01-26T15:32:23","guid":{"rendered":"https:\/\/jugulajm.net\/?p=95085"},"modified":"2026-01-26T16:32:23","modified_gmt":"2026-01-26T15:32:23","slug":"rama-nga-parlamenti-i-izraelit-jam-i-2-ti-spiker-nderkombetar-pas-trump-it","status":"publish","type":"post","link":"https:\/\/jugulajm.net\/?p=95085","title":{"rendered":"Rama nga Parlamenti i Izraelit: Jam i 2-ti spiker nd\u00ebrkomb\u00ebtar pas Trump-it"},"content":{"rendered":"<p>Kryeminsitri Edi Rama gjat\u00eb fjal\u00ebs s\u00eb tij n\u00eb Parlamentin izraelit ka falenderuar homologun e tij Benjamin Netanyahu p\u00ebr ftes\u00ebn teksa theksoi se Shqip\u00ebria ka qen\u00eb gjithmon\u00eb streh\u00eb e hebrenjve.<\/p>\n<p>Ai u shpreh se \u00ebsht\u00eb i dyti si spiker nd\u00ebrkomb\u00ebtar pas Trumpit.<\/p>\n<p>\u201cUn\u00eb do bej me te mir\u00ebn p\u00ebr t\u00eb mbijetuar gjykimit t\u00ebnde , jam i dyti spiker nd\u00ebrkomb\u00ebtar pas Trump. Me lejoni me nj\u00eb fryme t\u00eb thjesht te jap\u00a0 vler\u00ebsimit tim me t\u00eb madh dhe fal\u00ebnderimet e sinqerta p\u00ebr Shqip\u00ebrin\u00eb dhe veten time, mir\u00ebnjohjen time p\u00ebr k\u00ebt\u00eb ftese nuk mund te jem m\u00eb mir\u00ebnjoh\u00ebs.<\/p>\n<p>Duke u kthyer te fjalimi im p\u00ebrball\u00eb lider\u00ebve t\u00eb m\u00ebdhenj\u00eb gjith\u00e7ka b\u00ebhet personale n\u00eb bot\u00ebn e tyre, un\u00eb nuk jam mysliman po gjysma ime me e mire \u00ebsht\u00eb myslimane. Djali jon\u00eb do t\u00eb vendos\u00eb vete\u00a0 nj\u00eb dite. Nj\u00eb dit\u00eb q\u00eb mund t\u00eb b\u00ebhet hebre nuk mund t\u00eb p\u00ebrjashtohet\u201d, tha ai.<\/p>\n<p>\u201cShqip\u00ebria e vog\u00ebl ka qene gjithmon\u00eb nj\u00eb strehe e sigurt p\u00ebr hebrenjt\u00eb sesi shqiptar\u00ebt nga nj\u00eb vend te vog\u00ebl e shnd\u00ebrruan n\u00eb nj\u00eb shtet te vet\u00ebm ne Evrop\u00eb me me shume hebrenj para se t\u00eb niste lufta e dyte bot\u00ebrore. Askush n\u00eb Evrop\u00eb nuk mund t\u00eb d\u00ebshmoje dhe t\u00eb ndaje te nj\u00ebjtin rezultat, asnj\u00eb hebre i dor\u00ebzuar nazist\u00ebve, dhe askush me mire se shqiptaret mund te jene d\u00ebshmitare te nj\u00eb v\u00ebrtete t\u00eb thjeshte se t\u00eb q\u00ebnuruar mysliman dhe antisemit nuk jan\u00eb bashkohen nga besimi ne zot por nga tradhtia e madhe. Nuk ka nder me t\u00eb madh se te jem d\u00ebshmitar i k\u00ebsaj t\u00eb v\u00ebrtete\u201d shtoi ai.<\/p>\n<p>Nd\u00ebr t\u00eb tjera ai u shpreh se Parlamenti shqiptar votoi p\u00ebr aderimin e vendit n\u00eb Bordin e Paqes. Sipas Ram\u00ebs kjo \u00ebsht\u00eb nj\u00eb dritare p\u00ebr t\u00eb kontribuar p\u00ebr paqen.<\/p>\n<p>\u201cParlamenti shqiptar aderoi iniciativ\u00ebn se presidentit Trump p\u00ebr ta bere Shqip\u00ebrin\u00eb nj\u00eb nga vendet themeluese t\u00eb k\u00ebtij bordi duke kontribuar ne paqe p\u00ebr t\u00eb kthyer dritaren ne nje horizonte shprese per qytetar\u00ebt e Gaz\u00ebs dhe rajonit\u201d, tha ai.<\/p>\n","protected":false},"excerpt":{"rendered":"<p>Kryeminsitri Edi Rama gjat\u00eb fjal\u00ebs s\u00eb tij n\u00eb Parlamentin izraelit ka falenderuar homologun e tij Benjamin Netanyahu p\u00ebr ftes\u00ebn teksa theksoi se Shqip\u00ebria ka qen\u00eb gjithmon\u00eb streh\u00eb e hebrenjve. Ai u shpreh se \u00ebsht\u00eb i dyti si spiker nd\u00ebrkomb\u00ebtar pas Trumpit. \u201cUn\u00eb do bej me te mir\u00ebn p\u00ebr t\u00eb mbijetuar gjykimit t\u00ebnde , jam i [&hellip;]<\/p>\n","protected":false},"author":5,"featured_media":95086,"comment_status":"closed","ping_status":"closed","sticky":false,"template":"","format":"standard","meta":{"footnotes":""},"categories":[6326,6332],"tags":[39880],"class_list":{"0":"post-95085","1":"post","2":"type-post","3":"status-publish","4":"format-standard","5":"has-post-thumbnail","7":"category-politike","8":"category-te-fundit","9":"tag-rama-nga-parlamenti-i-izraelit-jam-i-2-ti-spiker-nderkombetar-pas-trump-it"},"_links":{"self":[{"href":"https:\/\/jugulajm.net\/index.php?rest_route=\/wp\/v2\/posts\/95085","targetHints":{"allow":["GET"]}}],"collection":[{"href":"https:\/\/jugulajm.net\/index.php?rest_route=\/wp\/v2\/posts"}],"about":[{"href":"https:\/\/jugulajm.net\/index.php?rest_route=\/wp\/v2\/types\/post"}],"author":[{"embeddable":true,"href":"https:\/\/jugulajm.net\/index.php?rest_route=\/wp\/v2\/users\/5"}],"replies":[{"embeddable":true,"href":"https:\/\/jugulajm.net\/index.php?rest_route=%2Fwp%2Fv2%2Fcomments&post=95085"}],"version-history":[{"count":1,"href":"https:\/\/jugulajm.net\/index.php?rest_route=\/wp\/v2\/posts\/95085\/revisions"}],"predecessor-version":[{"id":95087,"href":"https:\/\/jugulajm.net\/index.php?rest_route=\/wp\/v2\/posts\/95085\/revisions\/95087"}],"wp:featuredmedia":[{"embeddable":true,"href":"https:\/\/jugulajm.net\/index.php?rest_route=\/wp\/v2\/media\/95086"}],"wp:attachment":[{"href":"https:\/\/jugulajm.net\/index.php?rest_route=%2Fwp%2Fv2%2Fmedia&parent=95085"}],"wp:term":[{"taxonomy":"category","embeddable":true,"href":"https:\/\/jugulajm.net\/index.php?rest_route=%2Fwp%2Fv2%2Fcategories&post=95085"},{"taxonomy":"post_tag","embeddable":true,"href":"https:\/\/jugulajm.net\/index.php?rest_route=%2Fwp%2Fv2%2Ftags&post=95085"}],"curies":[{"name":"wp","href":"https:\/\/api.w.org\/{rel}","templated":true}]}}