{"id":95060,"date":"2026-01-25T22:04:05","date_gmt":"2026-01-25T21:04:05","guid":{"rendered":"https:\/\/jugulajm.net\/?p=95060"},"modified":"2026-01-25T22:04:05","modified_gmt":"2026-01-25T21:04:05","slug":"rama-mberrin-ne-izrael-nje-vend-qe-kumbon-pa-fjale","status":"publish","type":"post","link":"https:\/\/jugulajm.net\/?p=95060","title":{"rendered":"Rama mb\u00ebrrin n\u00eb Izrael: Nj\u00eb vend q\u00eb kumbon pa fjal\u00eb"},"content":{"rendered":"<p>Kryeministri Edi Rama, i shoq\u00ebruar nga bashk\u00ebshortja e tij, Linda Rama, ka vizituar Izraelin, me Nova Site si ndales\u00ebn e tij t\u00eb par\u00eb. Rama ka ndar\u00eb impresionet e tij p\u00ebr k\u00ebt\u00eb vend p\u00ebrmes nj\u00eb postimi n\u00eb rrjetet sociale, duke e p\u00ebrshkruar at\u00eb si \u201cnj\u00eb vend q\u00eb kumbon pa fjal\u00eb\u201d.<\/p>\n<p>Ai thekson se Nova Site, ka kaluar p\u00ebrmes humbjeve rr\u00ebqeth\u00ebse dhe se \u00ebsht\u00eb transformuar n\u00eb nj\u00eb \u201cpyll festash\u201d q\u00eb sh\u00ebrben si nj\u00eb tempull reflektimi p\u00ebr jet\u00ebn, urrejtjen dhe \u00e7mimin e paqes.<\/p>\n<p>Kjo vizit\u00eb \u00ebsht\u00eb pjes\u00eb e p\u00ebrpjekjeve t\u00eb Kryeministrit Rama p\u00ebr t\u00eb forcuar marr\u00ebdh\u00ebniet me Izraelin, nj\u00eb vend me r\u00ebnd\u00ebsi strategjike n\u00eb rajon. Duke e b\u00ebr\u00eb t\u00eb qart\u00eb q\u00eb vizita ka nj\u00eb dimension t\u00eb thell\u00eb, ai e p\u00ebrdor k\u00ebt\u00eb moment p\u00ebr t\u00eb reflektuar mbi temat e r\u00ebnd\u00ebsishme si paqja dhe ndjenja e humbjes q\u00eb ndihet nga shum\u00eb.<\/p>\n<p>Gjat\u00eb q\u00ebndrimit t\u00eb tij n\u00eb Nova Site, Rama ka ndar\u00eb gjithashtu fotografi q\u00eb ilustrojn\u00eb atmosfer\u00ebn e ngarkuar emocionale t\u00eb k\u00ebtij vendi, duke shtuar nj\u00eb dimension personal n\u00eb vizit\u00ebn e tij. Me k\u00ebt\u00eb postim, ai d\u00ebrgon nj\u00eb mesazh t\u00eb fort\u00eb p\u00ebr r\u00ebnd\u00ebsin\u00eb e reflektimit mbi historin\u00eb dhe p\u00ebrpjekjet p\u00ebr t\u00eb arritur paqen n\u00eb nj\u00eb rajon q\u00eb ka kaluar p\u00ebrmes shum\u00eb sfidave.<\/p>\n<p>Rama, duke pranuar emocionet q\u00eb ndiejn\u00eb shum\u00eb njer\u00ebz n\u00eb k\u00ebt\u00eb vend, duket se \u00ebsht\u00eb p\u00ebrkushtuar t\u00eb theksoj\u00eb r\u00ebnd\u00ebsin\u00eb e kujtimit dhe respektit p\u00ebr ata q\u00eb kan\u00eb vuajtur. Kjo vizit\u00eb ndihmon n\u00eb nd\u00ebrlidhjen e Shqip\u00ebris\u00eb me Izraelin dhe tregon p\u00ebr angazhimin e tij p\u00ebr t\u00eb mb\u00ebshtetur paqen dhe harmonin\u00eb nd\u00ebrkomb\u00ebtare.<\/p>\n<p>Vizita e tij n\u00eb Nova Site \u00ebsht\u00eb nj\u00eb hap p\u00ebrpara n\u00eb forcimin e lidhjeve mes dy vendeve dhe nj\u00eb mund\u00ebsi p\u00ebr t\u00eb diskutuar tema t\u00eb r\u00ebnd\u00ebsishme lidhur me mbijetes\u00ebn dhe bashk\u00ebjetes\u00ebn. Kryeministri Rama vazhdon t\u00eb ndjek\u00eb nj\u00eb politik\u00eb t\u00eb angazhimit, duke e shfryt\u00ebzuar \u00e7do mund\u00ebsi p\u00ebr t\u00eb promovuar dialogun dhe mir\u00ebkuptimin mes kombeve.<\/p>\n","protected":false},"excerpt":{"rendered":"<p>Kryeministri Edi Rama, i shoq\u00ebruar nga bashk\u00ebshortja e tij, Linda Rama, ka vizituar Izraelin, me Nova Site si ndales\u00ebn e tij t\u00eb par\u00eb. Rama ka ndar\u00eb impresionet e tij p\u00ebr k\u00ebt\u00eb vend p\u00ebrmes nj\u00eb postimi n\u00eb rrjetet sociale, duke e p\u00ebrshkruar at\u00eb si \u201cnj\u00eb vend q\u00eb kumbon pa fjal\u00eb\u201d. Ai thekson se Nova Site, ka [&hellip;]<\/p>\n","protected":false},"author":5,"featured_media":95061,"comment_status":"closed","ping_status":"closed","sticky":false,"template":"","format":"standard","meta":{"footnotes":""},"categories":[6326,6332],"tags":[20432,39865],"class_list":{"0":"post-95060","1":"post","2":"type-post","3":"status-publish","4":"format-standard","5":"has-post-thumbnail","7":"category-politike","8":"category-te-fundit","9":"tag-edi-rama","10":"tag-rama-mberrin-ne-izrael-nje-vend-qe-kumbon-pa-fjale"},"_links":{"self":[{"href":"https:\/\/jugulajm.net\/index.php?rest_route=\/wp\/v2\/posts\/95060","targetHints":{"allow":["GET"]}}],"collection":[{"href":"https:\/\/jugulajm.net\/index.php?rest_route=\/wp\/v2\/posts"}],"about":[{"href":"https:\/\/jugulajm.net\/index.php?rest_route=\/wp\/v2\/types\/post"}],"author":[{"embeddable":true,"href":"https:\/\/jugulajm.net\/index.php?rest_route=\/wp\/v2\/users\/5"}],"replies":[{"embeddable":true,"href":"https:\/\/jugulajm.net\/index.php?rest_route=%2Fwp%2Fv2%2Fcomments&post=95060"}],"version-history":[{"count":1,"href":"https:\/\/jugulajm.net\/index.php?rest_route=\/wp\/v2\/posts\/95060\/revisions"}],"predecessor-version":[{"id":95062,"href":"https:\/\/jugulajm.net\/index.php?rest_route=\/wp\/v2\/posts\/95060\/revisions\/95062"}],"wp:featuredmedia":[{"embeddable":true,"href":"https:\/\/jugulajm.net\/index.php?rest_route=\/wp\/v2\/media\/95061"}],"wp:attachment":[{"href":"https:\/\/jugulajm.net\/index.php?rest_route=%2Fwp%2Fv2%2Fmedia&parent=95060"}],"wp:term":[{"taxonomy":"category","embeddable":true,"href":"https:\/\/jugulajm.net\/index.php?rest_route=%2Fwp%2Fv2%2Fcategories&post=95060"},{"taxonomy":"post_tag","embeddable":true,"href":"https:\/\/jugulajm.net\/index.php?rest_route=%2Fwp%2Fv2%2Ftags&post=95060"}],"curies":[{"name":"wp","href":"https:\/\/api.w.org\/{rel}","templated":true}]}}