{"id":95048,"date":"2026-01-25T13:39:32","date_gmt":"2026-01-25T12:39:32","guid":{"rendered":"https:\/\/jugulajm.net\/?p=95048"},"modified":"2026-01-25T13:40:07","modified_gmt":"2026-01-25T12:40:07","slug":"protesta-e-pd-se-proda-mesazh-falenderimi-per-punonjesit-e-policise-u-treguat-profesioniste-edhe-kur-ndaj-jush-u-hodhen-molotov-dhe-u-sulmuat","status":"publish","type":"post","link":"https:\/\/jugulajm.net\/?p=95048","title":{"rendered":"Protesta e PD-s\u00eb, Drejtori i P\u00ebrgjithsh\u00ebm Proda mesazh falenderimi p\u00ebr punonj\u00ebsit e policis\u00eb: U treguat profesionist\u00eb edhe kur ndaj jush u hodh\u00ebn molotov dhe u sulmuat"},"content":{"rendered":"<p>Drejtori i P\u00ebrgjithsh\u00ebm i Policis\u00eb s\u00eb Shtetit, Ilir Proda, ka reaguar n\u00eb lidhje me protest\u00ebn e opozit\u00ebs, teksa ka falendruar \u00a0efektiv\u00ebt p\u00ebr profesionalizmin, p\u00ebrmbajtjen dhe p\u00ebrkushtimin e treguar gjat\u00eb angazhimit tuaj n\u00eb garantimin e rendit dhe siguris\u00eb publike gjat\u00eb protest\u00ebs.<\/p>\n<p>M\u00eb tej, Proda shkruan n\u00eb mesazhin e tij se \u201c<em>Pavar\u00ebsisht akteve t\u00eb shumta t\u00eb dhun\u00ebs, me bomba molotov, l\u00ebnd\u00eb piroteknike e sende t\u00eb forta, ju demonstruat standarde t\u00eb larta profesionale, respekt p\u00ebr ligjin dhe p\u00ebrgjegj\u00ebsi institucionale<\/em>\u201d.<\/p>\n<p>Po ashtu, Drejtori i P\u00ebrgjithsh\u00ebm i Policis\u00eb s\u00eb Shtetit i ka uruar sh\u00ebrim t\u00eb shpejt\u00eb edhe 11 efektiv\u00ebve q\u00eb mbet\u00ebn t\u00eb l\u00ebnduar.<\/p>\n<p><em><strong>Mesazhi i Prod\u00ebs:<\/strong><\/em><\/p>\n<p>Mesazh fal\u00ebnderimi i Drejtorit t\u00eb P\u00ebrgjithsh\u00ebm t\u00eb Policis\u00eb s\u00eb Shtetit, Drejtues Madhor Ilir Proda<\/p>\n<p>T\u00eb nderuar drejtues dhe punonj\u00ebs t\u00eb Policis\u00eb s\u00eb Shtetit,<\/p>\n<p>Ju fal\u00ebnderoj p\u00ebr profesionalizmin, p\u00ebrmbajtjen dhe p\u00ebrkushtimin e treguar gjat\u00eb angazhimit tuaj n\u00eb garantimin e rendit dhe siguris\u00eb publike gjat\u00eb protest\u00ebs.<\/p>\n<p>Pavar\u00ebsisht akteve t\u00eb shumta t\u00eb dhun\u00ebs, me bomba molotov, l\u00ebnd\u00eb piroteknike e sende t\u00eb forta, ju demonstruat standarde t\u00eb larta profesionale, respekt p\u00ebr ligjin dhe p\u00ebrgjegj\u00ebsi institucionale.<\/p>\n<p>Uroj sh\u00ebrim t\u00eb shpejt\u00eb p\u00ebr 11 punonj\u00ebsit e d\u00ebmtuar gjat\u00eb detyr\u00ebs dhe i siguroj ata p\u00ebr mb\u00ebshtetjen e plot\u00eb t\u00eb institucionit.<\/p>\n<p>Nj\u00eb fal\u00ebnderim i ve\u00e7ant\u00eb shkon p\u00ebr t\u00eb gjith\u00eb drejtuesit, p\u00ebr lidershipin, koordinimin dhe menaxhimin profesional t\u00eb situat\u00ebs.<\/p>\n<p>Mir\u00ebnjohje p\u00ebr \u00e7do efektiv t\u00eb Policis\u00eb s\u00eb angazhuar.<\/p>\n<p>Drejtues Madhor Ilir Proda<\/p>\n<p>Drejtor i P\u00ebrgjithsh\u00ebm i Policis\u00eb s\u00eb Shtetit.<\/p>\n","protected":false},"excerpt":{"rendered":"<p>Drejtori i P\u00ebrgjithsh\u00ebm i Policis\u00eb s\u00eb Shtetit, Ilir Proda, ka reaguar n\u00eb lidhje me protest\u00ebn e opozit\u00ebs, teksa ka falendruar \u00a0efektiv\u00ebt p\u00ebr profesionalizmin, p\u00ebrmbajtjen dhe p\u00ebrkushtimin e treguar gjat\u00eb angazhimit tuaj n\u00eb garantimin e rendit dhe siguris\u00eb publike gjat\u00eb protest\u00ebs. M\u00eb tej, Proda shkruan n\u00eb mesazhin e tij se \u201cPavar\u00ebsisht akteve t\u00eb shumta t\u00eb dhun\u00ebs, [&hellip;]<\/p>\n","protected":false},"author":5,"featured_media":79330,"comment_status":"closed","ping_status":"closed","sticky":false,"template":"","format":"standard","meta":{"footnotes":""},"categories":[1,6332,29228],"tags":[39857,39855],"class_list":{"0":"post-95048","1":"post","2":"type-post","3":"status-publish","4":"format-standard","5":"has-post-thumbnail","7":"category-aktualitet","8":"category-te-fundit","9":"category-vendi","10":"tag-proda-mesazh-falenderimi-per-punonjesit-e-policise-u-treguat-profesioniste-edhe-kur-ndaj-jush-u-hodhen-molotov-dhe-u-sulmuat","11":"tag-protesta-e-pd-se"},"_links":{"self":[{"href":"https:\/\/jugulajm.net\/index.php?rest_route=\/wp\/v2\/posts\/95048","targetHints":{"allow":["GET"]}}],"collection":[{"href":"https:\/\/jugulajm.net\/index.php?rest_route=\/wp\/v2\/posts"}],"about":[{"href":"https:\/\/jugulajm.net\/index.php?rest_route=\/wp\/v2\/types\/post"}],"author":[{"embeddable":true,"href":"https:\/\/jugulajm.net\/index.php?rest_route=\/wp\/v2\/users\/5"}],"replies":[{"embeddable":true,"href":"https:\/\/jugulajm.net\/index.php?rest_route=%2Fwp%2Fv2%2Fcomments&post=95048"}],"version-history":[{"count":2,"href":"https:\/\/jugulajm.net\/index.php?rest_route=\/wp\/v2\/posts\/95048\/revisions"}],"predecessor-version":[{"id":95050,"href":"https:\/\/jugulajm.net\/index.php?rest_route=\/wp\/v2\/posts\/95048\/revisions\/95050"}],"wp:featuredmedia":[{"embeddable":true,"href":"https:\/\/jugulajm.net\/index.php?rest_route=\/wp\/v2\/media\/79330"}],"wp:attachment":[{"href":"https:\/\/jugulajm.net\/index.php?rest_route=%2Fwp%2Fv2%2Fmedia&parent=95048"}],"wp:term":[{"taxonomy":"category","embeddable":true,"href":"https:\/\/jugulajm.net\/index.php?rest_route=%2Fwp%2Fv2%2Fcategories&post=95048"},{"taxonomy":"post_tag","embeddable":true,"href":"https:\/\/jugulajm.net\/index.php?rest_route=%2Fwp%2Fv2%2Ftags&post=95048"}],"curies":[{"name":"wp","href":"https:\/\/api.w.org\/{rel}","templated":true}]}}