{"id":95045,"date":"2026-01-25T12:41:10","date_gmt":"2026-01-25T11:41:10","guid":{"rendered":"https:\/\/jugulajm.net\/?p=95045"},"modified":"2026-01-25T12:43:03","modified_gmt":"2026-01-25T11:43:03","slug":"protesta-e-pd-se-reagon-rama-dhune-dhe-shkaterrim-i-prones-publike","status":"publish","type":"post","link":"https:\/\/jugulajm.net\/?p=95045","title":{"rendered":"Protesta e PD-s\u00eb, reagon Rama: Dhun\u00eb dhe shkat\u00ebrrim i pron\u00ebs publike"},"content":{"rendered":"<p>Kryeministri Edi Rama ka reaguar p\u00ebrmes nj\u00eb postimi n\u00eb rrjetet sociale pas protest\u00ebs s\u00eb organizuar nga Partia Demokratike mbr\u00ebmjen e djeshme (24 janar). N\u00eb reagimin e tij, Rama e ka cil\u00ebsuar protest\u00ebn si nj\u00eb akt dhune t\u00eb organizuar, duke e krahasuar me sjellje anarkiste dhe ekstremiste q\u00eb shkat\u00ebrrojn\u00eb prona publike dhe rrezikojn\u00eb jet\u00ebn e punonj\u00ebsve t\u00eb policis\u00eb.<\/p>\n<p>Ai thekson se, ndryshe nga protestat q\u00eb zhvillohen n\u00eb vende t\u00eb ndryshme t\u00eb Europ\u00ebs nga grupe t\u00eb ndryshme shoq\u00ebrore, ekziston vet\u00ebm nj\u00eb parti parlamentare q\u00eb, sipas tij, e ka ushtrimin e dhun\u00ebs pjes\u00eb t\u00eb pandar\u00eb t\u00eb aktivitetit t\u00eb saj q\u00eb nga krijimi.<\/p>\n<p><strong>Reagimi i plot\u00eb:<\/strong><\/p>\n<p>Ka n\u00eb Europ\u00eb protestues, anarkist\u00eb, ekologjist\u00eb, ekstremist\u00eb t\u00eb djatht\u00eb a t\u00eb majt\u00eb, student\u00eb, anti-globalist\u00eb, tifoz\u00eb huligan\u00eb, grupime lloj-lloj q\u00eb dalin n\u00eb rrug\u00eb p\u00ebr arsyet e tyre, maskohen, armatosen me molotov\u00eb dhe thyejn\u00eb e djegin, duke plagosur punonj\u00ebs policie e shkat\u00ebrruar prona\u2026<\/p>\n<p>Po qysh nga koha e partive fam\u00ebk\u00ebqia t\u00eb 100 vjet\u00ebve m\u00eb par\u00eb n\u00eb Gjermani e Itali, ka vet\u00ebm nj\u00eb parti parlamentare n\u00eb Europ\u00eb, q\u00eb t\u00eb ket\u00eb n\u00eb programin e aktivitetit t\u00eb saj si pjes\u00eb t\u00eb pandar\u00eb t\u00eb ekzistenc\u00ebs s\u00eb vet qysh nga lindja, ushtrimin e dhun\u00ebs, shkat\u00ebrrimin e pron\u00ebs, sulmin ndaj godinave t\u00eb institucioneve, deri edhe ndaj godin\u00ebs s\u00eb vet, mobilizimin e paramilitar\u00ebve, t\u00eb cil\u00ebt deri dje ishin \u00e7eta e liderit shpirt\u00ebror, kurse tanim\u00eb jan\u00eb thjesht mercenar\u00eb t\u00eb rekrutuar me lek\u00eb nga rruga\u00e7\u00ebt e lagjeve, q\u00eb veshin maska apo fshehin fytyr\u00ebn pas tabelave p\u00ebr\u00a0 t\u00eb mbaruar pun\u00eb me hedhjen e molotov\u00ebve pa u identifikuar nga kamerat!<\/p>\n<p>Tanim\u00eb k\u00ebto far\u00eb protestash me pisll\u00ebkun q\u00eb krijojn\u00eb n\u00eb bulevard, ngjajn\u00eb si jasht\u00ebderdhja n\u00eb rrug\u00eb e plakut t\u00eb lajthitur q\u00eb i organizon\u2026 Degjenerim i pandalsh\u00ebm dhe d\u00ebshp\u00ebrim i pangush\u00eblluesh\u00ebm!<\/p>\n<p>T\u00eb shkuara punonj\u00ebsve t\u00eb policis\u00eb q\u00eb u plagos\u00ebn e l\u00ebnduan nga kjo lukuni e verb\u00ebr.<\/p>\n","protected":false},"excerpt":{"rendered":"<p>Kryeministri Edi Rama ka reaguar p\u00ebrmes nj\u00eb postimi n\u00eb rrjetet sociale pas protest\u00ebs s\u00eb organizuar nga Partia Demokratike mbr\u00ebmjen e djeshme (24 janar). N\u00eb reagimin e tij, Rama e ka cil\u00ebsuar protest\u00ebn si nj\u00eb akt dhune t\u00eb organizuar, duke e krahasuar me sjellje anarkiste dhe ekstremiste q\u00eb shkat\u00ebrrojn\u00eb prona publike dhe rrezikojn\u00eb jet\u00ebn e punonj\u00ebsve [&hellip;]<\/p>\n","protected":false},"author":5,"featured_media":75048,"comment_status":"closed","ping_status":"closed","sticky":false,"template":"","format":"standard","meta":{"footnotes":""},"categories":[1,6326,6332,29228],"tags":[20432,39855,39856],"class_list":{"0":"post-95045","1":"post","2":"type-post","3":"status-publish","4":"format-standard","5":"has-post-thumbnail","7":"category-aktualitet","8":"category-politike","9":"category-te-fundit","10":"category-vendi","11":"tag-edi-rama","12":"tag-protesta-e-pd-se","13":"tag-reagon-rama-dhune-dhe-shkaterrim-i-prones-publike"},"_links":{"self":[{"href":"https:\/\/jugulajm.net\/index.php?rest_route=\/wp\/v2\/posts\/95045","targetHints":{"allow":["GET"]}}],"collection":[{"href":"https:\/\/jugulajm.net\/index.php?rest_route=\/wp\/v2\/posts"}],"about":[{"href":"https:\/\/jugulajm.net\/index.php?rest_route=\/wp\/v2\/types\/post"}],"author":[{"embeddable":true,"href":"https:\/\/jugulajm.net\/index.php?rest_route=\/wp\/v2\/users\/5"}],"replies":[{"embeddable":true,"href":"https:\/\/jugulajm.net\/index.php?rest_route=%2Fwp%2Fv2%2Fcomments&post=95045"}],"version-history":[{"count":2,"href":"https:\/\/jugulajm.net\/index.php?rest_route=\/wp\/v2\/posts\/95045\/revisions"}],"predecessor-version":[{"id":95047,"href":"https:\/\/jugulajm.net\/index.php?rest_route=\/wp\/v2\/posts\/95045\/revisions\/95047"}],"wp:featuredmedia":[{"embeddable":true,"href":"https:\/\/jugulajm.net\/index.php?rest_route=\/wp\/v2\/media\/75048"}],"wp:attachment":[{"href":"https:\/\/jugulajm.net\/index.php?rest_route=%2Fwp%2Fv2%2Fmedia&parent=95045"}],"wp:term":[{"taxonomy":"category","embeddable":true,"href":"https:\/\/jugulajm.net\/index.php?rest_route=%2Fwp%2Fv2%2Fcategories&post=95045"},{"taxonomy":"post_tag","embeddable":true,"href":"https:\/\/jugulajm.net\/index.php?rest_route=%2Fwp%2Fv2%2Ftags&post=95045"}],"curies":[{"name":"wp","href":"https:\/\/api.w.org\/{rel}","templated":true}]}}