{"id":95043,"date":"2026-01-25T11:57:16","date_gmt":"2026-01-25T10:57:16","guid":{"rendered":"https:\/\/jugulajm.net\/?p=95043"},"modified":"2026-01-25T11:57:16","modified_gmt":"2026-01-25T10:57:16","slug":"berisha-uragani-i-djeshem-e-lebetiti-ramaduron-dhe-rilindjen-e-kalbur","status":"publish","type":"post","link":"https:\/\/jugulajm.net\/?p=95043","title":{"rendered":"Berisha: Uragani i djesh\u00ebm e lebetiti Ramaduron dhe rilindjen e kalbur"},"content":{"rendered":"<p>Kreu i PD, Sali Berisha, n\u00eb nj\u00eb postim n\u00eb rrjetet sociale ka komentuar protesten e opozit\u00ebs ku u shpreh se uragani i djesh\u00ebm ka goditur r\u00ebnd\u00eb qeverin\u00eb e Edi Ram\u00ebs dhe strukturat e rilindjes, duke e p\u00ebrshkruar situat\u00ebn si nj\u00eb \u201cgoditje ndaj kalbesir\u00ebs s\u00eb pushtetit\u201d.<\/p>\n<p>Berisha\u00a0ka shp\u00ebrndar\u00eb foto t\u00eb protest\u00ebs, duke i cil\u00ebsuar simbol t\u00eb revolt\u00ebs dhe t\u00eb kryengrit\u00ebsve p\u00ebr liri.\u00a0Lideri opozitar\u00a0thekson se reagimi i qytetar\u00ebve dhe kryengrit\u00ebsve t\u00eb liris\u00eb tregon se zemra e demokracis\u00eb nuk mund t\u00eb shtypet nga propaganda dhe korrupsioni i qeveris\u00eb aktuale.<\/p>\n<div class=\"readmore-text-here\">\n<p>N\u00eb postimin e tij, Berisha nderon dhe shpreh mir\u00ebnjohje p\u00ebr ata q\u00eb guxuan t\u00eb mbrojn\u00eb t\u00eb drejtat dhe lirit\u00eb themelore, duke theksuar se ky \u201curagan\u201d simbolizon edhe forc\u00ebn e opozit\u00ebs dhe shpirtin e shqiptar\u00ebve p\u00ebr liri dhe drejt\u00ebsi.<\/p>\n<p><strong>Postimi n\u00eb fb:<\/strong><\/p>\n<p><em>Miq, ju p\u00ebrsh\u00ebndes me k\u00ebto foto t\u00eb uraganit t\u00eb djesh\u00ebm q\u00eb lebetiti Ramaduron dhe kalbesir\u00ebn rilindje. Nderim dhe mir\u00ebnjohje p\u00ebr kryengrit\u00ebsit e liris\u00eb! #sb<\/em><iframe loading=\"lazy\" src=\"https:\/\/www.facebook.com\/plugins\/post.php?href=https%3A%2F%2Fwww.facebook.com%2FSaliBerisha%2Fposts%2Fpfbid0imLA6q2Kh1fjEVZ9ucCTTeBJMdBiexE3jckoWurATgCxEUyPTwG9K82p1UV8W1eil&amp;show_text=true&amp;width=500\" width=\"500\" height=\"684\" frameborder=\"0\" scrolling=\"no\" allowfullscreen=\"allowfullscreen\" data-mce-fragment=\"1\"><\/iframe><\/p>\n<\/div>\n","protected":false},"excerpt":{"rendered":"<p>Kreu i PD, Sali Berisha, n\u00eb nj\u00eb postim n\u00eb rrjetet sociale ka komentuar protesten e opozit\u00ebs ku u shpreh se uragani i djesh\u00ebm ka goditur r\u00ebnd\u00eb qeverin\u00eb e Edi Ram\u00ebs dhe strukturat e rilindjes, duke e p\u00ebrshkruar situat\u00ebn si nj\u00eb \u201cgoditje ndaj kalbesir\u00ebs s\u00eb pushtetit\u201d. Berisha\u00a0ka shp\u00ebrndar\u00eb foto t\u00eb protest\u00ebs, duke i cil\u00ebsuar simbol t\u00eb [&hellip;]<\/p>\n","protected":false},"author":5,"featured_media":94571,"comment_status":"closed","ping_status":"closed","sticky":false,"template":"","format":"standard","meta":{"footnotes":""},"categories":[1,6326,6332],"tags":[39854,22446],"class_list":{"0":"post-95043","1":"post","2":"type-post","3":"status-publish","4":"format-standard","5":"has-post-thumbnail","7":"category-aktualitet","8":"category-politike","9":"category-te-fundit","10":"tag-berisha-uragani-i-djeshem-e-lebetiti-ramaduron-dhe-rilindjen-e-kalbur","11":"tag-sali-berisha"},"_links":{"self":[{"href":"https:\/\/jugulajm.net\/index.php?rest_route=\/wp\/v2\/posts\/95043","targetHints":{"allow":["GET"]}}],"collection":[{"href":"https:\/\/jugulajm.net\/index.php?rest_route=\/wp\/v2\/posts"}],"about":[{"href":"https:\/\/jugulajm.net\/index.php?rest_route=\/wp\/v2\/types\/post"}],"author":[{"embeddable":true,"href":"https:\/\/jugulajm.net\/index.php?rest_route=\/wp\/v2\/users\/5"}],"replies":[{"embeddable":true,"href":"https:\/\/jugulajm.net\/index.php?rest_route=%2Fwp%2Fv2%2Fcomments&post=95043"}],"version-history":[{"count":1,"href":"https:\/\/jugulajm.net\/index.php?rest_route=\/wp\/v2\/posts\/95043\/revisions"}],"predecessor-version":[{"id":95044,"href":"https:\/\/jugulajm.net\/index.php?rest_route=\/wp\/v2\/posts\/95043\/revisions\/95044"}],"wp:featuredmedia":[{"embeddable":true,"href":"https:\/\/jugulajm.net\/index.php?rest_route=\/wp\/v2\/media\/94571"}],"wp:attachment":[{"href":"https:\/\/jugulajm.net\/index.php?rest_route=%2Fwp%2Fv2%2Fmedia&parent=95043"}],"wp:term":[{"taxonomy":"category","embeddable":true,"href":"https:\/\/jugulajm.net\/index.php?rest_route=%2Fwp%2Fv2%2Fcategories&post=95043"},{"taxonomy":"post_tag","embeddable":true,"href":"https:\/\/jugulajm.net\/index.php?rest_route=%2Fwp%2Fv2%2Ftags&post=95043"}],"curies":[{"name":"wp","href":"https:\/\/api.w.org\/{rel}","templated":true}]}}