{"id":95026,"date":"2026-01-24T15:40:58","date_gmt":"2026-01-24T14:40:58","guid":{"rendered":"https:\/\/jugulajm.net\/?p=95026"},"modified":"2026-01-24T15:40:58","modified_gmt":"2026-01-24T14:40:58","slug":"berisha-shperndan-mesazhin-para-protestes-sot-eshte-dita-e-guximit","status":"publish","type":"post","link":"https:\/\/jugulajm.net\/?p=95026","title":{"rendered":"Berisha shp\u00ebrndan mesazhin para protest\u00ebs: Sot \u00ebsht\u00eb dita e guximit"},"content":{"rendered":"<p>Kryetari i Partis\u00eb Demokratike, Sali Berisha, ka publikuar nj\u00eb mesazh n\u00eb rrjetet sociale pak or\u00eb para protest\u00ebs komb\u00ebtare t\u00eb opozit\u00ebs, e cila pritet t\u00eb zhvillohet k\u00ebt\u00eb t\u00eb shtun\u00eb n\u00eb or\u00ebn 17:00.<\/p>\n<p>N\u00eb reagimin e tij, Berisha e cil\u00ebson dit\u00ebn e sotme si \u201cdit\u00ebn e guximit qytetar\u201d, duke theksuar se, sipas tij, opozita do t\u00eb mbaj\u00eb p\u00ebrgjegj\u00ebs kryeministrin p\u00ebr situat\u00ebn politike dhe sociale n\u00eb vend.<\/p>\n<p>Ai p\u00ebrdor tone t\u00eb ashpra ndaj kreut t\u00eb qeveris\u00eb, duke e akuzuar p\u00ebr lidhje me krimin e organizuar dhe duke e p\u00ebrshkruar protest\u00ebn si nj\u00eb akt p\u00ebrballjeje me at\u00eb q\u00eb e quan \u201ce keqja q\u00eb ka mb\u00ebrthyer Shqip\u00ebrin\u00eb\u201d.<\/p>\n<p>\u201cSot \u00ebsht\u00eb dita e guximit qytetar. Dita kur populli opozitar i b\u00ebn gjyqin kryehajdutit, kryeministrit t\u00eb lidhur me bandit\u00eb, trafikant\u00eb dhe vras\u00ebs. \u00cbsht\u00eb dita e ngadh\u00ebnjimit mbi t\u00eb keqen q\u00eb ka mb\u00ebrthyer Shqip\u00ebrin\u00eb.\u201d-shkruan Berisha.<\/p>\n<p>Protesta e thirrur nga opozita pritet t\u00eb mbledh\u00eb mb\u00ebshtet\u00ebs nga qytete t\u00eb ndryshme t\u00eb vendit, nd\u00ebrsa autoritetet kan\u00eb njoftuar p\u00ebr masa sigurie p\u00ebr mbar\u00ebvajtjen e tubimit.<\/p>\n","protected":false},"excerpt":{"rendered":"<p>Kryetari i Partis\u00eb Demokratike, Sali Berisha, ka publikuar nj\u00eb mesazh n\u00eb rrjetet sociale pak or\u00eb para protest\u00ebs komb\u00ebtare t\u00eb opozit\u00ebs, e cila pritet t\u00eb zhvillohet k\u00ebt\u00eb t\u00eb shtun\u00eb n\u00eb or\u00ebn 17:00. N\u00eb reagimin e tij, Berisha e cil\u00ebson dit\u00ebn e sotme si \u201cdit\u00ebn e guximit qytetar\u201d, duke theksuar se, sipas tij, opozita do t\u00eb mbaj\u00eb [&hellip;]<\/p>\n","protected":false},"author":5,"featured_media":87345,"comment_status":"closed","ping_status":"closed","sticky":false,"template":"","format":"standard","meta":{"footnotes":""},"categories":[1,6326,6332],"tags":[39843],"class_list":{"0":"post-95026","1":"post","2":"type-post","3":"status-publish","4":"format-standard","5":"has-post-thumbnail","7":"category-aktualitet","8":"category-politike","9":"category-te-fundit","10":"tag-berisha-shperndan-mesazhin-para-protestes-sot-eshte-dita-e-guximit"},"_links":{"self":[{"href":"https:\/\/jugulajm.net\/index.php?rest_route=\/wp\/v2\/posts\/95026","targetHints":{"allow":["GET"]}}],"collection":[{"href":"https:\/\/jugulajm.net\/index.php?rest_route=\/wp\/v2\/posts"}],"about":[{"href":"https:\/\/jugulajm.net\/index.php?rest_route=\/wp\/v2\/types\/post"}],"author":[{"embeddable":true,"href":"https:\/\/jugulajm.net\/index.php?rest_route=\/wp\/v2\/users\/5"}],"replies":[{"embeddable":true,"href":"https:\/\/jugulajm.net\/index.php?rest_route=%2Fwp%2Fv2%2Fcomments&post=95026"}],"version-history":[{"count":1,"href":"https:\/\/jugulajm.net\/index.php?rest_route=\/wp\/v2\/posts\/95026\/revisions"}],"predecessor-version":[{"id":95027,"href":"https:\/\/jugulajm.net\/index.php?rest_route=\/wp\/v2\/posts\/95026\/revisions\/95027"}],"wp:featuredmedia":[{"embeddable":true,"href":"https:\/\/jugulajm.net\/index.php?rest_route=\/wp\/v2\/media\/87345"}],"wp:attachment":[{"href":"https:\/\/jugulajm.net\/index.php?rest_route=%2Fwp%2Fv2%2Fmedia&parent=95026"}],"wp:term":[{"taxonomy":"category","embeddable":true,"href":"https:\/\/jugulajm.net\/index.php?rest_route=%2Fwp%2Fv2%2Fcategories&post=95026"},{"taxonomy":"post_tag","embeddable":true,"href":"https:\/\/jugulajm.net\/index.php?rest_route=%2Fwp%2Fv2%2Ftags&post=95026"}],"curies":[{"name":"wp","href":"https:\/\/api.w.org\/{rel}","templated":true}]}}