{"id":95021,"date":"2026-01-24T11:16:04","date_gmt":"2026-01-24T10:16:04","guid":{"rendered":"https:\/\/jugulajm.net\/?p=95021"},"modified":"2026-01-24T11:16:04","modified_gmt":"2026-01-24T10:16:04","slug":"arrestohet-53-vjecari-nga-fshati-lulezim-dhunoi-gruan-duke-e-kanosur-se-do-ta-vriste","status":"publish","type":"post","link":"https:\/\/jugulajm.net\/?p=95021","title":{"rendered":"Arrestohet 53-vje\u00e7ari nga fshati Lul\u00ebzim, dhunoi gruan duke e kanosur se do ta vriste"},"content":{"rendered":"<p>Sh\u00ebrbimet e Policis\u00eb n\u00eb Memaliaj kan\u00eb parandaluar nj\u00eb ngjarje t\u00eb mundshme kriminale n\u00eb familje, duke arrestuar shtetasin me iniciale L.D., 53 vje\u00e7, banues n\u00eb fshatin Lul\u00ebzim, i cili ushtronte dhun\u00eb ndaj bashk\u00ebshortes s\u00eb tij dhe e kanoste se do ta vriste.<\/p>\n<p><strong>Njoftimi i policis\u00eb:<\/strong><\/p>\n<p>Si rezultat i nd\u00ebrhyrjes n\u00eb koh\u00eb dhe i veprimeve profesionale t\u00eb sh\u00ebrbimeve t\u00eb Policis\u00eb parandalohet nj\u00eb ngjarje e mundshme kriminale n\u00eb familje, n\u00eb fshatin Lul\u00ebzim, Memaliaj.<\/p>\n<p>Ushtronte dhun\u00eb ndaj bashk\u00ebshortes s\u00eb tij dhe e kanoste at\u00eb, se do ta vriste, arrestohet n\u00eb flagranc\u00eb 53-vje\u00e7ari.<\/p>\n<p>Sekuestrohet 1 arm\u00eb zjarri pistolet\u00eb, q\u00eb u gjet\u00eb gjat\u00eb kontrollit n\u00eb banes\u00ebn e 53-vje\u00e7arit.<\/p>\n<p>Sh\u00ebrbimet e Stacionit t\u00eb Policis\u00eb Memaliaj, n\u00eb Komisariatin e Policis\u00eb Tepelen\u00eb, pas njoftimit se nj\u00eb shtetas kishte dhunuar bashk\u00ebshorten e tij dhe e kishte kanosur at\u00eb, se do ta vriste, kan\u00eb organizuar menj\u00ebher\u00eb pun\u00ebn p\u00ebr parandalimin e ngjarjes s\u00eb mundshme kriminale.<\/p>\n<p>Si rezultat i nd\u00ebrhyrjes s\u00eb shpejt\u00eb dhe profesionale t\u00eb sh\u00ebrbimeve t\u00eb Policis\u00eb, \u00ebsht\u00eb b\u00ebr\u00eb neutralizimi dhe arrestimi n\u00eb flagranc\u00eb i shtetasit L. D., 53 vje\u00e7, banues n\u00eb fshatin Lul\u00ebzim, Memaliaj.<\/p>\n<p>Gjat\u00eb kontrollit n\u00eb banes\u00ebn e 53-vje\u00e7arit, sh\u00ebrbimet e Policis\u00eb gjet\u00ebn dhe sekuestruan nj\u00eb arm\u00eb zjarri pistolet\u00eb, e cila u sekuestrua n\u00eb cil\u00ebsin\u00eb e prov\u00ebs materiale.<\/p>\n<p>Materialet procedurale iu referuan Prokuroris\u00eb pran\u00eb Gjykat\u00ebs s\u00eb Shkall\u00ebs s\u00eb Par\u00eb t\u00eb Juridiksionit t\u00eb P\u00ebrgjithsh\u00ebm Gjirokast\u00ebr, p\u00ebr veprime t\u00eb m\u00ebtejshme.<\/p>\n<div class=\"article-image-wrapper mb-4\"><img loading=\"lazy\" loading=\"lazy\" decoding=\"async\" class=\"d-block img-fluid w-100 wp-post-image lazy entered loaded\" src=\"https:\/\/euronews.al\/wp-content\/uploads\/2026\/01\/Screenshot_8-22.jpg?x92684\" sizes=\"auto, (max-width: 1259px) 100vw, 1259px\" srcset=\"https:\/\/euronews.al\/wp-content\/uploads\/2026\/01\/Screenshot_8-22.jpg 1259w, https:\/\/euronews.al\/wp-content\/uploads\/2026\/01\/Screenshot_8-22-300x168.jpg 300w, https:\/\/euronews.al\/wp-content\/uploads\/2026\/01\/Screenshot_8-22-1024x575.jpg 1024w, https:\/\/euronews.al\/wp-content\/uploads\/2026\/01\/Screenshot_8-22-768x431.jpg 768w, https:\/\/euronews.al\/wp-content\/uploads\/2026\/01\/Screenshot_8-22-1200x675.jpg 1200w, https:\/\/euronews.al\/wp-content\/uploads\/2026\/01\/Screenshot_8-22-900x506.jpg 900w\" alt=\"\" width=\"1259\" height=\"707\" data-src=\"https:\/\/euronews.al\/wp-content\/uploads\/2026\/01\/Screenshot_8-22.jpg?x92684\" data-srcset=\"https:\/\/euronews.al\/wp-content\/uploads\/2026\/01\/Screenshot_8-22.jpg 1259w, https:\/\/euronews.al\/wp-content\/uploads\/2026\/01\/Screenshot_8-22-300x168.jpg 300w, https:\/\/euronews.al\/wp-content\/uploads\/2026\/01\/Screenshot_8-22-1024x575.jpg 1024w, https:\/\/euronews.al\/wp-content\/uploads\/2026\/01\/Screenshot_8-22-768x431.jpg 768w, https:\/\/euronews.al\/wp-content\/uploads\/2026\/01\/Screenshot_8-22-1200x675.jpg 1200w, https:\/\/euronews.al\/wp-content\/uploads\/2026\/01\/Screenshot_8-22-900x506.jpg 900w\" data-sizes=\"(max-width: 1259px) 100vw, 1259px\" data-ll-status=\"loaded\" \/><\/div>\n","protected":false},"excerpt":{"rendered":"<p>Sh\u00ebrbimet e Policis\u00eb n\u00eb Memaliaj kan\u00eb parandaluar nj\u00eb ngjarje t\u00eb mundshme kriminale n\u00eb familje, duke arrestuar shtetasin me iniciale L.D., 53 vje\u00e7, banues n\u00eb fshatin Lul\u00ebzim, i cili ushtronte dhun\u00eb ndaj bashk\u00ebshortes s\u00eb tij dhe e kanoste se do ta vriste. Njoftimi i policis\u00eb: Si rezultat i nd\u00ebrhyrjes n\u00eb koh\u00eb dhe i veprimeve profesionale t\u00eb [&hellip;]<\/p>\n","protected":false},"author":5,"featured_media":90689,"comment_status":"closed","ping_status":"closed","sticky":false,"template":"","format":"standard","meta":{"footnotes":""},"categories":[1,6332,29228],"tags":[39840,39841],"class_list":{"0":"post-95021","1":"post","2":"type-post","3":"status-publish","4":"format-standard","5":"has-post-thumbnail","7":"category-aktualitet","8":"category-te-fundit","9":"category-vendi","10":"tag-arrestohet-53-vjecari-nga-fshati-lulezim","11":"tag-dhunoi-gruan-duke-e-kanosur-se-do-ta-vriste"},"_links":{"self":[{"href":"https:\/\/jugulajm.net\/index.php?rest_route=\/wp\/v2\/posts\/95021","targetHints":{"allow":["GET"]}}],"collection":[{"href":"https:\/\/jugulajm.net\/index.php?rest_route=\/wp\/v2\/posts"}],"about":[{"href":"https:\/\/jugulajm.net\/index.php?rest_route=\/wp\/v2\/types\/post"}],"author":[{"embeddable":true,"href":"https:\/\/jugulajm.net\/index.php?rest_route=\/wp\/v2\/users\/5"}],"replies":[{"embeddable":true,"href":"https:\/\/jugulajm.net\/index.php?rest_route=%2Fwp%2Fv2%2Fcomments&post=95021"}],"version-history":[{"count":1,"href":"https:\/\/jugulajm.net\/index.php?rest_route=\/wp\/v2\/posts\/95021\/revisions"}],"predecessor-version":[{"id":95022,"href":"https:\/\/jugulajm.net\/index.php?rest_route=\/wp\/v2\/posts\/95021\/revisions\/95022"}],"wp:featuredmedia":[{"embeddable":true,"href":"https:\/\/jugulajm.net\/index.php?rest_route=\/wp\/v2\/media\/90689"}],"wp:attachment":[{"href":"https:\/\/jugulajm.net\/index.php?rest_route=%2Fwp%2Fv2%2Fmedia&parent=95021"}],"wp:term":[{"taxonomy":"category","embeddable":true,"href":"https:\/\/jugulajm.net\/index.php?rest_route=%2Fwp%2Fv2%2Fcategories&post=95021"},{"taxonomy":"post_tag","embeddable":true,"href":"https:\/\/jugulajm.net\/index.php?rest_route=%2Fwp%2Fv2%2Ftags&post=95021"}],"curies":[{"name":"wp","href":"https:\/\/api.w.org\/{rel}","templated":true}]}}