{"id":95005,"date":"2026-01-23T15:37:06","date_gmt":"2026-01-23T14:37:06","guid":{"rendered":"https:\/\/jugulajm.net\/?p=95005"},"modified":"2026-01-23T15:37:06","modified_gmt":"2026-01-23T14:37:06","slug":"berisha-i-them-rames-nese-je-burre-qendro-ne-zyre-neser","status":"publish","type":"post","link":"https:\/\/jugulajm.net\/?p=95005","title":{"rendered":"Berisha: I them Ram\u00ebs, n\u00ebse je burr\u00eb q\u00ebndro n\u00eb zyr\u00eb nes\u00ebr"},"content":{"rendered":"<p>Sali Berisha, kreu i Partis\u00eb Demokratike, k\u00ebt\u00eb t\u00eb premte ka mbajtur konferenc\u00ebn e p\u00ebrjavshme p\u00ebr shtyp me mediat. Berisha deklaroi se Kryeministri Edi Rama, sipas tij, do t\u00eb marr\u00eb nj\u00eb \u201cleksion\u201d nga qytetar\u00ebt gjat\u00eb protest\u00ebs s\u00eb paralajm\u00ebruar nga opozita p\u00ebr dit\u00ebn e shtun\u00eb.<\/p>\n<p>\u201cDo t\u2019i japim m\u00ebsimin q\u00eb meriton qeveris\u00eb, k\u00ebshtu do ta cil\u00ebsoj un\u00eb protest\u00ebn. Qytetar\u00ebt do t\u2019i japin nj\u00eb leksion t\u00eb fort\u00eb qeveris\u00eb. Le t\u00eb rrij\u00eb n\u00eb zyr\u00eb ta provoj\u00eb.<\/p>\n<p>Kaq i them, rri aty. Muret i ke blinduar, dyert i ke plumbosur, rri e futu brenda, rri, n\u00ebse je burr\u00eb\u201d, \u2013 tha kryedemokrati Berisha.<\/p>\n","protected":false},"excerpt":{"rendered":"<p>Sali Berisha, kreu i Partis\u00eb Demokratike, k\u00ebt\u00eb t\u00eb premte ka mbajtur konferenc\u00ebn e p\u00ebrjavshme p\u00ebr shtyp me mediat. Berisha deklaroi se Kryeministri Edi Rama, sipas tij, do t\u00eb marr\u00eb nj\u00eb \u201cleksion\u201d nga qytetar\u00ebt gjat\u00eb protest\u00ebs s\u00eb paralajm\u00ebruar nga opozita p\u00ebr dit\u00ebn e shtun\u00eb. \u201cDo t\u2019i japim m\u00ebsimin q\u00eb meriton qeveris\u00eb, k\u00ebshtu do ta cil\u00ebsoj un\u00eb [&hellip;]<\/p>\n","protected":false},"author":5,"featured_media":43191,"comment_status":"closed","ping_status":"closed","sticky":false,"template":"","format":"standard","meta":{"footnotes":""},"categories":[6326,6332],"tags":[39831,39832],"class_list":{"0":"post-95005","1":"post","2":"type-post","3":"status-publish","4":"format-standard","5":"has-post-thumbnail","7":"category-politike","8":"category-te-fundit","9":"tag-berisha-i-them-rames","10":"tag-nese-je-burre-qendro-ne-zyre-neser"},"_links":{"self":[{"href":"https:\/\/jugulajm.net\/index.php?rest_route=\/wp\/v2\/posts\/95005","targetHints":{"allow":["GET"]}}],"collection":[{"href":"https:\/\/jugulajm.net\/index.php?rest_route=\/wp\/v2\/posts"}],"about":[{"href":"https:\/\/jugulajm.net\/index.php?rest_route=\/wp\/v2\/types\/post"}],"author":[{"embeddable":true,"href":"https:\/\/jugulajm.net\/index.php?rest_route=\/wp\/v2\/users\/5"}],"replies":[{"embeddable":true,"href":"https:\/\/jugulajm.net\/index.php?rest_route=%2Fwp%2Fv2%2Fcomments&post=95005"}],"version-history":[{"count":1,"href":"https:\/\/jugulajm.net\/index.php?rest_route=\/wp\/v2\/posts\/95005\/revisions"}],"predecessor-version":[{"id":95006,"href":"https:\/\/jugulajm.net\/index.php?rest_route=\/wp\/v2\/posts\/95005\/revisions\/95006"}],"wp:featuredmedia":[{"embeddable":true,"href":"https:\/\/jugulajm.net\/index.php?rest_route=\/wp\/v2\/media\/43191"}],"wp:attachment":[{"href":"https:\/\/jugulajm.net\/index.php?rest_route=%2Fwp%2Fv2%2Fmedia&parent=95005"}],"wp:term":[{"taxonomy":"category","embeddable":true,"href":"https:\/\/jugulajm.net\/index.php?rest_route=%2Fwp%2Fv2%2Fcategories&post=95005"},{"taxonomy":"post_tag","embeddable":true,"href":"https:\/\/jugulajm.net\/index.php?rest_route=%2Fwp%2Fv2%2Ftags&post=95005"}],"curies":[{"name":"wp","href":"https:\/\/api.w.org\/{rel}","templated":true}]}}