{"id":95001,"date":"2026-01-23T14:39:00","date_gmt":"2026-01-23T13:39:00","guid":{"rendered":"https:\/\/jugulajm.net\/?p=95001"},"modified":"2026-01-23T14:39:00","modified_gmt":"2026-01-23T13:39:00","slug":"spak-pergjigjet-zyrtarisht-nuk-i-kemi-sekuestruar-celularin-drejtorit-te-pergjithshem-te-policise-ilir-proda","status":"publish","type":"post","link":"https:\/\/jugulajm.net\/?p=95001","title":{"rendered":"SPAK p\u00ebrgjigjet zyrtarisht: Nuk i kemi sekuestruar celularin Drejtorit t\u00eb P\u00ebrgjithsh\u00ebm t\u00eb Policis\u00eb, Ilir Proda"},"content":{"rendered":"<p>Prokuroria e Posa\u00e7me Antikorrupsion ka reaguar zyrtarisht lidhur me lajmet e publikuara mbi sekuestrimin e telefonit t\u00eb drejtorit t\u00eb P\u00ebrgjithsh\u00ebm t\u00eb Policis\u00eb s\u00eb Shtetit, Ilir Proda, n\u00eb kuad\u00ebr t\u00eb hetimeve p\u00ebr AKSHI-n.<\/p>\n<p>N\u00eb nj\u00eb kthim p\u00ebrgjigje dh\u00ebn\u00eb n\u00eb kuad\u00ebr t\u00eb programit t\u00eb transparenc\u00ebs, SPAK sqaron se nj\u00eb veprim i till\u00eb nuk ka ndodhur. Sipas institucionit, Byroja Komb\u00ebtare e Hetimit nuk ka sekuestruar telefonin e kreut t\u00eb Policis\u00eb s\u00eb Shtetit.<\/p>\n<p>\u201cN\u00eb p\u00ebrgjigje t\u00eb k\u00ebrkes\u00ebs suaj, ju informojm\u00eb se Byroja Komb\u00ebtare e Hetimit (BKH) nuk e ka sekuestruar telefonin e Drejtorit t\u00eb Policis\u00eb s\u00eb Shtetit\u201d, thuhet n\u00eb p\u00ebrgjigjen zyrtare t\u00eb SPAK.<\/p>\n<p>Sqarimi vjen pas lajmeve q\u00eb qarkulluan n\u00eb dhjetor t\u00eb vitit t\u00eb kaluar, t\u00eb cilat lidhnin emrin e drejtorit t\u00eb Policis\u00eb me hetimet, q\u00eb Prokuroria e Posa\u00e7me po zhvillon ndaj institucionit t\u00eb Agjencis\u00eb Komb\u00ebtare t\u00eb Shoq\u00ebris\u00eb s\u00eb Informacionit (AKSHI).<\/p>\n","protected":false},"excerpt":{"rendered":"<p>Prokuroria e Posa\u00e7me Antikorrupsion ka reaguar zyrtarisht lidhur me lajmet e publikuara mbi sekuestrimin e telefonit t\u00eb drejtorit t\u00eb P\u00ebrgjithsh\u00ebm t\u00eb Policis\u00eb s\u00eb Shtetit, Ilir Proda, n\u00eb kuad\u00ebr t\u00eb hetimeve p\u00ebr AKSHI-n. N\u00eb nj\u00eb kthim p\u00ebrgjigje dh\u00ebn\u00eb n\u00eb kuad\u00ebr t\u00eb programit t\u00eb transparenc\u00ebs, SPAK sqaron se nj\u00eb veprim i till\u00eb nuk ka ndodhur. Sipas institucionit, [&hellip;]<\/p>\n","protected":false},"author":5,"featured_media":79330,"comment_status":"closed","ping_status":"closed","sticky":false,"template":"","format":"standard","meta":{"footnotes":""},"categories":[1,6332,29228],"tags":[34435,39830],"class_list":{"0":"post-95001","1":"post","2":"type-post","3":"status-publish","4":"format-standard","5":"has-post-thumbnail","7":"category-aktualitet","8":"category-te-fundit","9":"category-vendi","10":"tag-ilir-proda","11":"tag-spak-pergjigjet-zyrtarisht-nuk-i-kemi-sekuestruar-celularin-drejtorit-te-pergjithshem-te-policise"},"_links":{"self":[{"href":"https:\/\/jugulajm.net\/index.php?rest_route=\/wp\/v2\/posts\/95001","targetHints":{"allow":["GET"]}}],"collection":[{"href":"https:\/\/jugulajm.net\/index.php?rest_route=\/wp\/v2\/posts"}],"about":[{"href":"https:\/\/jugulajm.net\/index.php?rest_route=\/wp\/v2\/types\/post"}],"author":[{"embeddable":true,"href":"https:\/\/jugulajm.net\/index.php?rest_route=\/wp\/v2\/users\/5"}],"replies":[{"embeddable":true,"href":"https:\/\/jugulajm.net\/index.php?rest_route=%2Fwp%2Fv2%2Fcomments&post=95001"}],"version-history":[{"count":1,"href":"https:\/\/jugulajm.net\/index.php?rest_route=\/wp\/v2\/posts\/95001\/revisions"}],"predecessor-version":[{"id":95002,"href":"https:\/\/jugulajm.net\/index.php?rest_route=\/wp\/v2\/posts\/95001\/revisions\/95002"}],"wp:featuredmedia":[{"embeddable":true,"href":"https:\/\/jugulajm.net\/index.php?rest_route=\/wp\/v2\/media\/79330"}],"wp:attachment":[{"href":"https:\/\/jugulajm.net\/index.php?rest_route=%2Fwp%2Fv2%2Fmedia&parent=95001"}],"wp:term":[{"taxonomy":"category","embeddable":true,"href":"https:\/\/jugulajm.net\/index.php?rest_route=%2Fwp%2Fv2%2Fcategories&post=95001"},{"taxonomy":"post_tag","embeddable":true,"href":"https:\/\/jugulajm.net\/index.php?rest_route=%2Fwp%2Fv2%2Ftags&post=95001"}],"curies":[{"name":"wp","href":"https:\/\/api.w.org\/{rel}","templated":true}]}}