{"id":94997,"date":"2026-01-23T13:46:30","date_gmt":"2026-01-23T12:46:30","guid":{"rendered":"https:\/\/jugulajm.net\/?p=94997"},"modified":"2026-01-23T13:47:02","modified_gmt":"2026-01-23T12:47:02","slug":"fotoportugali-drejtoret-e-departamenteve-te-policise-kriminale-dhe-per-kufirin-e-migracionin-vizite-ne-qendren-e-analizes-e-operacioneve-detare-dhe-ne-ministrine-e-drejtesise","status":"publish","type":"post","link":"https:\/\/jugulajm.net\/?p=94997","title":{"rendered":"(FOTO)Portugali\/Drejtor\u00ebt e departamenteve t\u00eb Policis\u00eb Kriminale dhe p\u00ebr Kufirin e Migracionin vizit\u00eb n\u00eb Qendr\u00ebn e Analiz\u00ebs e Operacioneve Detare dhe n\u00eb Ministrin\u00eb e Drejt\u00ebsis\u00eb"},"content":{"rendered":"<p>Portugali\/Drejtor\u00ebt e departamenteve t\u00eb Policis\u00eb Kriminale dhe p\u00ebr Kufirin dhe Migracionin, vizit\u00eb zyrtare n\u00eb Qendr\u00ebn e Analiz\u00ebs dhe Operacioneve Detare (MAOC) dhe n\u00eb Ministrin\u00eb e Drejt\u00ebsis\u00eb t\u00eb Portugalis\u00eb.<\/p>\n<p>Vizita, me ftes\u00eb t\u00eb bashk\u00ebpun\u00ebtor\u00ebve t\u00eb ngusht\u00eb t\u00eb Policis\u00eb shqiptare, p\u00ebrfaq\u00ebsuesve t\u00eb Operacioneve Nd\u00ebrkomb\u00ebtare t\u00eb Home Office (HOIO), kishte q\u00ebllim kryesor forcimin e bashk\u00ebpunimit operacional dhe shk\u00ebmbimin e inteligjenc\u00ebs operative, n\u00eb funksion t\u00eb luft\u00ebs kund\u00ebr trafiqeve nd\u00ebrkomb\u00ebtare dhe krimit t\u00eb organizuar.<\/p>\n<p>Qendra e Analiz\u00ebs dhe Operacioneve Detare \u00ebsht\u00eb nj\u00eb struktur\u00eb shum\u00ebkomb\u00ebshe, e cila bashkon 8 shtete europiane dhe luan nj\u00eb rol thelb\u00ebsor n\u00eb koordinimin e operacioneve detare dhe ajrore, kund\u00ebr rrjeteve t\u00eb krimit t\u00eb organizuar.<\/p>\n<p>Delegacioni shqiptar, i p\u00ebrfaq\u00ebsuar nga Drejtori i Departamentit t\u00eb Policis\u00eb Kriminale, z. Neritan Nallbati, dhe nga Drejtori i Departamentit p\u00ebr Kufirin dhe Migracionin, z. Sajmir Mu\u00e7aj, u prit nga Drejtori i Bordit t\u00eb MAOC, z. Artur Vas. Gjat\u00eb vizit\u00ebs n\u00eb Qendr\u00ebn e Analiz\u00ebs dhe Operacioneve Detare, drejtor\u00ebt u njoh\u00ebn me struktur\u00ebn drejtuese dhe me funksionimin operativ t\u00eb Qendr\u00ebs.<\/p>\n<p>M\u00eb tej, gjat\u00eb vizit\u00ebs n\u00eb Lisbon\u00eb, delegacioni i Policis\u00eb s\u00eb Shtetit shqiptar u prit n\u00eb Ministrin\u00eb e Drejt\u00ebsis\u00eb, ku u zhvilluan takime me drejtues t\u00eb Policis\u00eb Gjyq\u00ebsore t\u00eb Portugalis\u00eb.<\/p>\n<p>Gjat\u00eb diskutimeve u dakord\u00ebsua nisja e bashk\u00ebpunimit multilateral nd\u00ebrmjet Policis\u00eb s\u00eb Shtetit Shqiptar dhe Qendr\u00ebs MAOC, si dhe forcimi i bashk\u00ebpunimit dypal\u00ebsh midis Policis\u00eb s\u00eb Shtetit dhe Policis\u00eb Gjyq\u00ebsore t\u00eb Portugalis\u00eb.<\/p>\n<p>Axhenda p\u00ebrfshiu prezantime mbi aktivitetet, prioritetet strategjike dhe operacionet aktuale t\u00eb Qendr\u00ebs, si dhe diskutime mbi nisma t\u00eb reja bashk\u00ebpunimi dhe mund\u00ebsi p\u00ebr nd\u00ebrveprim t\u00eb drejtp\u00ebrdrejt\u00eb me ekipet operacionale t\u00eb MAOC, n\u00ebp\u00ebrmjet kanaleve t\u00eb komunikimit t\u00eb p\u00ebrfaq\u00ebsuesve t\u00eb Ambasad\u00ebs Britanike, NCA dhe HOIO.<\/p>\n<p>Kjo vizit\u00eb sh\u00ebnon nj\u00eb hap t\u00eb r\u00ebnd\u00ebsish\u00ebm drejt forcimit t\u00eb siguris\u00eb detare dhe avancimit t\u00eb p\u00ebrpjekjeve t\u00eb p\u00ebrbashk\u00ebta kund\u00ebr trafikimit nd\u00ebrkomb\u00ebtar t\u00eb l\u00ebnd\u00ebve narkotike.<\/p>\n<p><img loading=\"lazy\" loading=\"lazy\" decoding=\"async\" class=\"alignnone size-medium wp-image-64535\" src=\"https:\/\/asp.gov.al\/wp-content\/uploads\/2026\/01\/WhatsApp-Image-2026-01-23-at-12.39.48-PM-2-300x180.jpeg\" sizes=\"auto, (max-width: 300px) 100vw, 300px\" srcset=\"https:\/\/asp.gov.al\/wp-content\/uploads\/2026\/01\/WhatsApp-Image-2026-01-23-at-12.39.48-PM-2-300x180.jpeg 300w, https:\/\/asp.gov.al\/wp-content\/uploads\/2026\/01\/WhatsApp-Image-2026-01-23-at-12.39.48-PM-2-1024x616.jpeg 1024w, https:\/\/asp.gov.al\/wp-content\/uploads\/2026\/01\/WhatsApp-Image-2026-01-23-at-12.39.48-PM-2-768x462.jpeg 768w, https:\/\/asp.gov.al\/wp-content\/uploads\/2026\/01\/WhatsApp-Image-2026-01-23-at-12.39.48-PM-2-184x109.jpeg 184w, https:\/\/asp.gov.al\/wp-content\/uploads\/2026\/01\/WhatsApp-Image-2026-01-23-at-12.39.48-PM-2.jpeg 1229w\" alt=\"\" width=\"300\" height=\"180\" \/><\/p>\n<p><img loading=\"lazy\" loading=\"lazy\" decoding=\"async\" class=\"alignnone size-medium wp-image-64534\" src=\"https:\/\/asp.gov.al\/wp-content\/uploads\/2026\/01\/WhatsApp-Image-2026-01-23-at-12.39.48-PM-1-300x274.jpeg\" sizes=\"auto, (max-width: 300px) 100vw, 300px\" srcset=\"https:\/\/asp.gov.al\/wp-content\/uploads\/2026\/01\/WhatsApp-Image-2026-01-23-at-12.39.48-PM-1-300x274.jpeg 300w, https:\/\/asp.gov.al\/wp-content\/uploads\/2026\/01\/WhatsApp-Image-2026-01-23-at-12.39.48-PM-1-1024x935.jpeg 1024w, https:\/\/asp.gov.al\/wp-content\/uploads\/2026\/01\/WhatsApp-Image-2026-01-23-at-12.39.48-PM-1-768x702.jpeg 768w, https:\/\/asp.gov.al\/wp-content\/uploads\/2026\/01\/WhatsApp-Image-2026-01-23-at-12.39.48-PM-1.jpeg 1122w\" alt=\"\" width=\"300\" height=\"274\" \/><\/p>\n<p><img loading=\"lazy\" loading=\"lazy\" decoding=\"async\" class=\"alignnone size-medium wp-image-64536\" src=\"https:\/\/asp.gov.al\/wp-content\/uploads\/2026\/01\/WhatsApp-Image-2026-01-23-at-12.39.49-PM-300x236.jpeg\" sizes=\"auto, (max-width: 300px) 100vw, 300px\" srcset=\"https:\/\/asp.gov.al\/wp-content\/uploads\/2026\/01\/WhatsApp-Image-2026-01-23-at-12.39.49-PM-300x236.jpeg 300w, https:\/\/asp.gov.al\/wp-content\/uploads\/2026\/01\/WhatsApp-Image-2026-01-23-at-12.39.49-PM-1024x807.jpeg 1024w, https:\/\/asp.gov.al\/wp-content\/uploads\/2026\/01\/WhatsApp-Image-2026-01-23-at-12.39.49-PM-768x605.jpeg 768w, https:\/\/asp.gov.al\/wp-content\/uploads\/2026\/01\/WhatsApp-Image-2026-01-23-at-12.39.49-PM.jpeg 1330w\" alt=\"\" width=\"300\" height=\"236\" \/><\/p>\n","protected":false},"excerpt":{"rendered":"<p>Portugali\/Drejtor\u00ebt e departamenteve t\u00eb Policis\u00eb Kriminale dhe p\u00ebr Kufirin dhe Migracionin, vizit\u00eb zyrtare n\u00eb Qendr\u00ebn e Analiz\u00ebs dhe Operacioneve Detare (MAOC) dhe n\u00eb Ministrin\u00eb e Drejt\u00ebsis\u00eb t\u00eb Portugalis\u00eb. Vizita, me ftes\u00eb t\u00eb bashk\u00ebpun\u00ebtor\u00ebve t\u00eb ngusht\u00eb t\u00eb Policis\u00eb shqiptare, p\u00ebrfaq\u00ebsuesve t\u00eb Operacioneve Nd\u00ebrkomb\u00ebtare t\u00eb Home Office (HOIO), kishte q\u00ebllim kryesor forcimin e bashk\u00ebpunimit operacional dhe shk\u00ebmbimin [&hellip;]<\/p>\n","protected":false},"author":5,"featured_media":94998,"comment_status":"closed","ping_status":"closed","sticky":false,"template":"","format":"standard","meta":{"footnotes":""},"categories":[1,7664,6332],"tags":[39829],"class_list":{"0":"post-94997","1":"post","2":"type-post","3":"status-publish","4":"format-standard","5":"has-post-thumbnail","7":"category-aktualitet","8":"category-bota","9":"category-te-fundit","10":"tag-fotoportugali-drejtoret-e-departamenteve-te-policise-kriminale-dhe-per-kufirin-e-migracionin-vizite-ne-qendren-e-analizes-e-operacioneve-detare-dhe-ne-ministrine-e-drejtesise"},"_links":{"self":[{"href":"https:\/\/jugulajm.net\/index.php?rest_route=\/wp\/v2\/posts\/94997","targetHints":{"allow":["GET"]}}],"collection":[{"href":"https:\/\/jugulajm.net\/index.php?rest_route=\/wp\/v2\/posts"}],"about":[{"href":"https:\/\/jugulajm.net\/index.php?rest_route=\/wp\/v2\/types\/post"}],"author":[{"embeddable":true,"href":"https:\/\/jugulajm.net\/index.php?rest_route=\/wp\/v2\/users\/5"}],"replies":[{"embeddable":true,"href":"https:\/\/jugulajm.net\/index.php?rest_route=%2Fwp%2Fv2%2Fcomments&post=94997"}],"version-history":[{"count":2,"href":"https:\/\/jugulajm.net\/index.php?rest_route=\/wp\/v2\/posts\/94997\/revisions"}],"predecessor-version":[{"id":95000,"href":"https:\/\/jugulajm.net\/index.php?rest_route=\/wp\/v2\/posts\/94997\/revisions\/95000"}],"wp:featuredmedia":[{"embeddable":true,"href":"https:\/\/jugulajm.net\/index.php?rest_route=\/wp\/v2\/media\/94998"}],"wp:attachment":[{"href":"https:\/\/jugulajm.net\/index.php?rest_route=%2Fwp%2Fv2%2Fmedia&parent=94997"}],"wp:term":[{"taxonomy":"category","embeddable":true,"href":"https:\/\/jugulajm.net\/index.php?rest_route=%2Fwp%2Fv2%2Fcategories&post=94997"},{"taxonomy":"post_tag","embeddable":true,"href":"https:\/\/jugulajm.net\/index.php?rest_route=%2Fwp%2Fv2%2Ftags&post=94997"}],"curies":[{"name":"wp","href":"https:\/\/api.w.org\/{rel}","templated":true}]}}