{"id":94972,"date":"2026-01-22T14:16:38","date_gmt":"2026-01-22T13:16:38","guid":{"rendered":"https:\/\/jugulajm.net\/?p=94972"},"modified":"2026-01-22T14:16:38","modified_gmt":"2026-01-22T13:16:38","slug":"emri-foto-regjisori-shqiptar-fiton-luanin-e-argjendte-ne-bienalen-e-venecias-2","status":"publish","type":"post","link":"https:\/\/jugulajm.net\/?p=94972","title":{"rendered":"EMRI-FOTO\/ Regjisori shqiptar fiton \u201cLuanin e Argjendt\u00eb\u201d n\u00eb Bienalen e Venecias"},"content":{"rendered":"<p>Regjisori shqiptar Mario Banushi \u00ebsht\u00eb vler\u00ebsuar n\u00eb Bienalen e Venecias me \u00e7mimin \u201cLuani i Argjendt\u00eb p\u00ebr Teatrin 2026\u201d.<\/p>\n<p>N\u00eb motivacionin e dh\u00ebn\u00eb nga Bienalia e Venecias thuhet: Me rr\u00ebfimin e tij pothuajse autobiografik, i cili eksploron p\u00ebrvojat e pik\u00ebllimit, hidh\u00ebrimit, munges\u00ebs dhe traditave familjare, Mario Banushi e zbulon veten p\u00ebrmes gjuh\u00ebs s\u00eb tij poetike, eliptike, t\u00eb p\u00ebrb\u00ebr\u00eb m\u00eb shum\u00eb nga heshtje sesa nga fjal\u00eb, megjithat\u00eb evokuese dhe komunikuese n\u00eb m\u00ebnyr\u00eb t\u00eb dhimbshme.<\/p>\n<p>Teatri i Banushit, sa intim, i rr\u00ebnjosur thell\u00eb n\u00eb kultur\u00ebn ballkanike, mbart edhe inteligjenc\u00eb politike, nj\u00eb eksplorim i mpreht\u00eb i kontradiktave t\u00eb koh\u00ebs son\u00eb.<\/p>\n<p>Mario Banushi, i dat\u00eblindjes 1998, deri n\u00eb mosh\u00ebn gjasht\u00ebvje\u00e7are ka jetuar n\u00eb Shqip\u00ebri dhe m\u00eb pas u vendos me familjen n\u00eb Greqi, ku dhe u diplomua n\u00eb Konservatorin e Dram\u00ebs n\u00eb Athin\u00eb. Debutimin si regjisor e b\u00ebri me \u201cRagada\u201d, krijuar dhe shfaqur brenda nj\u00eb apartamenti gjat\u00eb pandemis\u00eb. Drejtori i Teatrit Komb\u00ebtar t\u00eb Greqis\u00eb, i cili e ndoqi shfaqjen n\u00eb dit\u00ebn e fundit, e ftoi p\u00ebr bashk\u00ebpunim. Kjo \u00e7oi n\u00eb krijimin e vepr\u00ebs s\u00eb tij t\u00eb radh\u00ebs, \u201cMirupafshim, Lindita\u201d. E planifikuar t\u00eb shfaqej p\u00ebr tri jav\u00eb, ajo u luajt n\u00eb Teatrin Komb\u00ebtar t\u00eb Greqis\u00eb p\u00ebr tre vjet me radh\u00eb, me jehon\u00eb t\u00eb madhe nga kritika dhe nga publiku, p\u00ebrpara se t\u00eb niste turneun nd\u00ebrkomb\u00ebtar.<\/p>\n<p>Kapitulli i tret\u00eb i trilogjis\u00eb, \u201cTaverna Mir\u00ebsia\u201d, i vler\u00ebsuar n\u00eb festivalet kryesore n\u00eb mbar\u00eb bot\u00ebn, do t\u00eb g\u00ebzonte t\u00eb nj\u00ebjtin sukses.<\/p>\n<p>Regjisori Banushi ka deklaruar p\u00ebr New York Times: \u201cDua t\u00eb krijoj teat\u00ebr q\u00eb njer\u00ebzit ta ndiejn\u00eb, jo q\u00eb ta kuptojn\u00eb. Dua t\u00eb imagjinoni historit\u00eb tuaja, t\u00eb shihni jet\u00ebn tuaj dhe m\u00eb pas t\u00eb jetoni me k\u00ebt\u00eb\u201d.<\/p>\n<p>Triptiku \u201cRomance Familjare\u201d, nj\u00eb cik\u00ebl q\u00eb eksploron kujtes\u00ebn familjare p\u00ebrmes rr\u00ebfimit teatral bazohet n\u00eb imazhe dhe pa tekst. Vepra e tij \u00ebsht\u00eb paraqitur n\u00eb New York Times dhe BBC dhe \u00ebsht\u00eb recensuar nga Guardian, Le Monde dhe Lib\u00e9ration, duke d\u00ebshmuar v\u00ebmendjen nd\u00ebrkomb\u00ebtare n\u00eb rritje q\u00eb rrethon pun\u00ebn e tij.<\/p>\n<p>Prodhimi i fundit i Banushit, \u201cMami\u201d, \u00ebsht\u00eb nj\u00eb bashk\u00ebprodhim nd\u00ebrkomb\u00ebtar me festivale dhe institucione t\u00eb m\u00ebdha evropiane. Vepra eksploron gjuh\u00ebn e tij poetike dhe vizuale dhe mori vler\u00ebsime t\u00eb m\u00ebdha pas prezantimit t\u00eb saj n\u00eb Festivalin e Avinjonit, ku kritik\u00ebt vler\u00ebsuan sakt\u00ebsin\u00eb emocionale dhe mjesht\u00ebrin\u00eb vizuale. N\u00eb vitin 2025, Mario Banushi mori \u00c7mimin e Artistit t\u00eb Ri t\u00eb Teatrit nga Shoqata Helenike e Kritik\u00ebve t\u00eb Teatrit.<\/p>\n<p>Pavar\u00ebsisht se ku p\u00ebrgatiten dhe shfaqen, veprat e tij origjinale titullohen plot\u00ebsisht ose pjes\u00ebrisht shqip: \u201cPranvera\u201d, \u201cGoodbye Lindita\u201d, \u201cTaverna Mir\u00ebsia Mario Bella Anastasia\u201d, \u201cMami\u201d etj.<\/p>\n","protected":false},"excerpt":{"rendered":"<p>Regjisori shqiptar Mario Banushi \u00ebsht\u00eb vler\u00ebsuar n\u00eb Bienalen e Venecias me \u00e7mimin \u201cLuani i Argjendt\u00eb p\u00ebr Teatrin 2026\u201d. N\u00eb motivacionin e dh\u00ebn\u00eb nga Bienalia e Venecias thuhet: Me rr\u00ebfimin e tij pothuajse autobiografik, i cili eksploron p\u00ebrvojat e pik\u00ebllimit, hidh\u00ebrimit, munges\u00ebs dhe traditave familjare, Mario Banushi e zbulon veten p\u00ebrmes gjuh\u00ebs s\u00eb tij poetike, eliptike, [&hellip;]<\/p>\n","protected":false},"author":5,"featured_media":94971,"comment_status":"closed","ping_status":"closed","sticky":false,"template":"","format":"standard","meta":{"footnotes":""},"categories":[7665,6332],"tags":[39815],"class_list":{"0":"post-94972","1":"post","2":"type-post","3":"status-publish","4":"format-standard","5":"has-post-thumbnail","7":"category-art","8":"category-te-fundit","9":"tag-emri-foto-regjisori-shqiptar-fiton-luanin-e-argjendte-ne-bienalen-e-venecias"},"_links":{"self":[{"href":"https:\/\/jugulajm.net\/index.php?rest_route=\/wp\/v2\/posts\/94972","targetHints":{"allow":["GET"]}}],"collection":[{"href":"https:\/\/jugulajm.net\/index.php?rest_route=\/wp\/v2\/posts"}],"about":[{"href":"https:\/\/jugulajm.net\/index.php?rest_route=\/wp\/v2\/types\/post"}],"author":[{"embeddable":true,"href":"https:\/\/jugulajm.net\/index.php?rest_route=\/wp\/v2\/users\/5"}],"replies":[{"embeddable":true,"href":"https:\/\/jugulajm.net\/index.php?rest_route=%2Fwp%2Fv2%2Fcomments&post=94972"}],"version-history":[{"count":1,"href":"https:\/\/jugulajm.net\/index.php?rest_route=\/wp\/v2\/posts\/94972\/revisions"}],"predecessor-version":[{"id":94973,"href":"https:\/\/jugulajm.net\/index.php?rest_route=\/wp\/v2\/posts\/94972\/revisions\/94973"}],"wp:featuredmedia":[{"embeddable":true,"href":"https:\/\/jugulajm.net\/index.php?rest_route=\/wp\/v2\/media\/94971"}],"wp:attachment":[{"href":"https:\/\/jugulajm.net\/index.php?rest_route=%2Fwp%2Fv2%2Fmedia&parent=94972"}],"wp:term":[{"taxonomy":"category","embeddable":true,"href":"https:\/\/jugulajm.net\/index.php?rest_route=%2Fwp%2Fv2%2Fcategories&post=94972"},{"taxonomy":"post_tag","embeddable":true,"href":"https:\/\/jugulajm.net\/index.php?rest_route=%2Fwp%2Fv2%2Ftags&post=94972"}],"curies":[{"name":"wp","href":"https:\/\/api.w.org\/{rel}","templated":true}]}}