{"id":94955,"date":"2026-01-21T20:46:41","date_gmt":"2026-01-21T19:46:41","guid":{"rendered":"https:\/\/jugulajm.net\/?p=94955"},"modified":"2026-01-21T20:46:41","modified_gmt":"2026-01-21T19:46:41","slug":"qeveria-percakton-tokat-qe-do-te-jepet-me-1-euro-ne-tepelene-memaliaj-dhe-diber-ja-cilat","status":"publish","type":"post","link":"https:\/\/jugulajm.net\/?p=94955","title":{"rendered":"Qeveria p\u00ebrcakton tokat q\u00eb do t\u00eb jepet me 1 euro n\u00eb Tepelen\u00eb, Memaliaj dhe Dib\u00ebr, ja cilat&#8230;"},"content":{"rendered":"<p>Qeveria ka miratuar zonat prioritare ku do t\u00eb zbatohet projektligji i njohur si &#8220;Paketa e Maleve&#8221;, duke hapur rrug\u00ebn p\u00ebr dh\u00ebnien e tok\u00ebs publike me \u00e7mimin simbolik 1 euro n\u00eb bashkit\u00eb Dib\u00ebr, Memaliaj dhe Tepelen\u00eb.<\/p>\n<p>Vendimi \u00ebsht\u00eb marr\u00eb nga K\u00ebshilli i Ministrave, pas dor\u00ebzimit nga bashkit\u00eb p\u00ebrkat\u00ebse t\u00eb hartave me zonat e shpallura \u201cme p\u00ebrpar\u00ebsi zhvillimin e ekonomis\u00eb malore\u201d.<\/p>\n<p>K\u00ebto zona do t\u00eb p\u00ebrdoren p\u00ebr zhvillime ekonomike, industriale dhe turistike, kryesisht p\u00ebr nd\u00ebrtimin e bujtinave dhe strukturave agroturistike.<\/p>\n<p>N\u00eb Bashkin\u00eb Dib\u00ebr jan\u00eb shpallur 16 zona zhvillimore, q\u00eb shtrihen nga Bjeshk\u00ebt e Korabit, Lura dhe lugina e Drinit, deri n\u00eb fshatra dhe nj\u00ebsi administrative t\u00eb thella malore, me nj\u00eb sip\u00ebrfaqe totale prej mij\u00ebra hektar\u00ebsh tok\u00eb publike.<br \/>\nN\u00eb Memaliaj jan\u00eb miratuar tre zona t\u00eb m\u00ebdha zhvillimore n\u00eb nj\u00ebsit\u00eb Luftinj\u00eb dhe Buz, nd\u00ebrsa n\u00eb Tepelen\u00eb zonat prioritare p\u00ebrfshijn\u00eb pothuajse t\u00eb gjith\u00eb territorin e nj\u00ebsive Kurvelesh, Lop\u00ebs dhe Qend\u00ebr-Tepelen\u00eb, me sip\u00ebrfaqe shum\u00eb t\u00eb gjera q\u00eb arrijn\u00eb dhjet\u00ebra mij\u00ebra hektar\u00eb.<\/p>\n<p>Nd\u00ebrsa qeveria e paraqet Paket\u00ebn e Maleve si nj\u00eb nism\u00eb p\u00ebr zhvillimin e zonave t\u00eb varfra dhe frenimin e shpopullimit, ekspert\u00ebt e shohin k\u00ebt\u00eb projektligj si t\u00eb rreziksh\u00ebm dhe konfliktual. Sipas tyre, ligji mbivendoset me legjislacionin ekzistues t\u00eb pron\u00ebsis\u00eb dhe rrezikon t\u00eb hap\u00eb konflikte sociale n\u00eb zona ku \u00e7\u00ebshtjet e pron\u00ebs nuk jan\u00eb zgjidhur ende.<\/p>\n<p>Nj\u00eb tjet\u00ebr shqet\u00ebsim lidhet me m\u00ebnyr\u00ebn e p\u00ebrzgjedhjes s\u00eb p\u00ebrfituesve. Aktualisht, Paketa e Maleve ka rreth 5 mij\u00eb aplikime, nga t\u00eb cilat pritet t\u00eb miratohen rreth 500 projekte.<\/p>\n","protected":false},"excerpt":{"rendered":"<p>Qeveria ka miratuar zonat prioritare ku do t\u00eb zbatohet projektligji i njohur si &#8220;Paketa e Maleve&#8221;, duke hapur rrug\u00ebn p\u00ebr dh\u00ebnien e tok\u00ebs publike me \u00e7mimin simbolik 1 euro n\u00eb bashkit\u00eb Dib\u00ebr, Memaliaj dhe Tepelen\u00eb. Vendimi \u00ebsht\u00eb marr\u00eb nga K\u00ebshilli i Ministrave, pas dor\u00ebzimit nga bashkit\u00eb p\u00ebrkat\u00ebse t\u00eb hartave me zonat e shpallura \u201cme p\u00ebrpar\u00ebsi [&hellip;]<\/p>\n","protected":false},"author":5,"featured_media":64707,"comment_status":"closed","ping_status":"closed","sticky":false,"template":"","format":"standard","meta":{"footnotes":""},"categories":[1,6332,29228],"tags":[39809,39808],"class_list":{"0":"post-94955","1":"post","2":"type-post","3":"status-publish","4":"format-standard","5":"has-post-thumbnail","7":"category-aktualitet","8":"category-te-fundit","9":"category-vendi","10":"tag-memaliaj-dhe-diber","11":"tag-qeveria-percakton-zonat-prioritare-ku-toka-do-te-jepet-me-1-euro-ne-tepelene"},"_links":{"self":[{"href":"https:\/\/jugulajm.net\/index.php?rest_route=\/wp\/v2\/posts\/94955","targetHints":{"allow":["GET"]}}],"collection":[{"href":"https:\/\/jugulajm.net\/index.php?rest_route=\/wp\/v2\/posts"}],"about":[{"href":"https:\/\/jugulajm.net\/index.php?rest_route=\/wp\/v2\/types\/post"}],"author":[{"embeddable":true,"href":"https:\/\/jugulajm.net\/index.php?rest_route=\/wp\/v2\/users\/5"}],"replies":[{"embeddable":true,"href":"https:\/\/jugulajm.net\/index.php?rest_route=%2Fwp%2Fv2%2Fcomments&post=94955"}],"version-history":[{"count":1,"href":"https:\/\/jugulajm.net\/index.php?rest_route=\/wp\/v2\/posts\/94955\/revisions"}],"predecessor-version":[{"id":94956,"href":"https:\/\/jugulajm.net\/index.php?rest_route=\/wp\/v2\/posts\/94955\/revisions\/94956"}],"wp:featuredmedia":[{"embeddable":true,"href":"https:\/\/jugulajm.net\/index.php?rest_route=\/wp\/v2\/media\/64707"}],"wp:attachment":[{"href":"https:\/\/jugulajm.net\/index.php?rest_route=%2Fwp%2Fv2%2Fmedia&parent=94955"}],"wp:term":[{"taxonomy":"category","embeddable":true,"href":"https:\/\/jugulajm.net\/index.php?rest_route=%2Fwp%2Fv2%2Fcategories&post=94955"},{"taxonomy":"post_tag","embeddable":true,"href":"https:\/\/jugulajm.net\/index.php?rest_route=%2Fwp%2Fv2%2Ftags&post=94955"}],"curies":[{"name":"wp","href":"https:\/\/api.w.org\/{rel}","templated":true}]}}