{"id":94944,"date":"2026-01-21T14:11:28","date_gmt":"2026-01-21T13:11:28","guid":{"rendered":"https:\/\/jugulajm.net\/?p=94944"},"modified":"2026-01-21T14:11:28","modified_gmt":"2026-01-21T13:11:28","slug":"berisha-per-21-janarin-rama-pergjegjesi-kryesor-garda-zbatoi-ligjin","status":"publish","type":"post","link":"https:\/\/jugulajm.net\/?p=94944","title":{"rendered":"Berisha p\u00ebr 21 Janarin: Rama p\u00ebrgjegj\u00ebsi kryesor, Garda zbatoi ligjin"},"content":{"rendered":"<p>Kryetari i Partis\u00eb Demokratike, Sali Berisha, tha sot n\u00eb 15 vjetorin e 21 janarit, se nuk ka asnj\u00eb p\u00ebrgjegj\u00ebsi p\u00ebr ngjarjen ku u sh\u00ebnuan 4 viktima.<\/p>\n<p>N\u00eb nj\u00eb konferenc\u00eb p\u00ebr shtyp, ai tha se Rama e thirri at\u00eb protest\u00eb pasi falsifikoi nj\u00eb video t\u00eb filmuar nga Dritan Prifti dhe i k\u00ebrkoi ish kryeministrit t\u00eb koh\u00ebs q\u00eb t\u00eb pranonte zgjidhjen politike ose \u201cdo t\u00eb kalohej mbi kufoma\u201d.<\/p>\n<p><strong>A keni di\u00e7ka p\u00ebr t\u00eb th\u00ebn\u00eb p\u00ebr 21 Janarin?<\/strong><\/p>\n<p><strong>Berisha<\/strong>: Un\u00eb i kam th\u00ebn\u00eb t\u00eb gjitha p\u00ebr k\u00ebt\u00eb ngjarje, kam shkuar edhe n\u00eb Prokurori dhe kam d\u00ebshmuar. Ishte protesta m\u00eb e dhunshme n\u00eb historin\u00eb e vendit, e dokumentuar, e faktuar. Ishte protest\u00eb me axhend\u00eb politike, si\u00e7 jan\u00eb dokumentet nd\u00ebrkomb\u00ebtare. Ishte protest\u00eb e paralajm\u00ebruar e Ram\u00ebs se do tejkalohej kushtetuta. Ishte protest\u00eb e thirrur mbi baz\u00ebn e falsifikimit t\u00eb nj\u00eb regjistrimi t\u00eb b\u00ebr\u00eb nga Dritan Prifti, ku flitej p\u00ebr nj\u00eb let\u00ebr t\u00eb nj\u00eb pronari fitues tenderi p\u00ebr nj\u00eb hidrocentral, q\u00eb e kishte marr\u00eb me gjykat\u00eb.<\/p>\n<p>Edi Rama \u00ebsht\u00eb p\u00ebrgjegj\u00ebs kryesor p\u00ebr motivin dhe falsifikimin e dokumentit, p\u00ebr protest\u00ebn e dhunshme q\u00eb thirri, me nj\u00eb axhend\u00eb t\u00eb caktuar. M\u00eb tha: prano zgjidhjen politike, ose do kalohet mbi kufoma. Nuk e di a e kan\u00eb thirrur apo jo, por ka nj\u00eb autor kryesor dhe ky \u00ebsht\u00eb Edi Rama. Jan\u00eb jo nj\u00eb, por m\u00eb shum\u00eb se nj\u00eb deklarata t\u00eb qeveris\u00eb amerikane ku k\u00ebrkohet hetimi I plot\u00eb I k\u00ebsaj ngjarje, nga polici I thjesht\u00eb te organizator\u00ebt kryesor\u00eb.<\/p>\n<p>Lot\u00ebt q\u00eb derdh jan\u00eb lot\u00eb krokodili. Rama I solli ata si mish p\u00ebr top p\u00ebr pushtetin e tij. Ina Rama e hetoi \u00e7\u00ebshtjen, po nuk guxoi kurr\u00eb t\u00eb th\u00ebrras\u00eb Edi Ram\u00ebn. Garda q\u00eblloi n\u00eb kushtet e ligjit, zbatoi ligjin. Prandaj dhe ajo propozoi d\u00ebnime. Kjo \u00ebsht\u00eb historia. Edi Rama k\u00ebrkon t\u00eb p\u00ebrdor\u00eb k\u00ebto viktima p\u00ebr t\u00eb shp\u00ebtuar veten e tij.<\/p>\n<p><strong>A keni p\u00ebrgjegj\u00ebsi morale, politike dhe ligjore p\u00ebr k\u00ebt\u00eb ngjarje?<\/strong><\/p>\n<p><strong>Berisha<\/strong>: Sali Berisha u rrethua n\u00eb zyr\u00eb. N\u00eb qoft\u00eb se nj\u00eb njeri merr dhe falsifikon nj\u00eb dokument dhe e paraqet at\u00eb si d\u00ebshmi p\u00ebr nj\u00eb korrupsion t\u00eb faktuar t\u00eb zv.kryeministrit\u2026n\u00eb at\u00eb dokument dilja edhe un\u00eb si I p\u00ebrfshir\u00eb. Por meqen\u00ebse n\u00eb copy-paste kalonin nga sekondi 25 n\u00eb sekond\u00ebn e 32, than\u00eb \u201cjo \u00ebsht\u00eb b\u00ebr\u00eb gabim, nuk \u00ebsht\u00eb I p\u00ebrfshir\u00eb\u201d. N\u00eb qoft\u00eb se b\u00ebhet nj\u00eb kurth i till\u00eb, p\u00ebrgjegj\u00ebsia ime pse Edi Rama falsifikon, ku \u00ebsht\u00eb k\u00ebtu? M\u00eb than\u00eb \u201chajde t\u00eb t\u00eb vazhdojm\u00eb\u201d. Jo pse do evadohesha un\u00eb? Un\u00eb isha n\u00eb zyr\u00ebn time. Rama ishte n\u00eb kull\u00ebn p\u00ebrball\u00eb dhe priste \u00e7astin t\u00eb vinte n\u00eb zyr\u00ebn time t\u00eb mbante fjalim. \u00cbsht\u00eb ngjarje fatkeqe shum\u00eb. Kam k\u00ebrkuar q\u00eb at\u00eb nat\u00eb hetim nd\u00ebrkomb\u00ebtar. Ato fjal\u00eb at\u00eb (Ina Ram\u00ebn) nuk i t\u00ebrheq as sot. Keqardhje po, ngush\u00ebllime po q\u00eb at\u00eb dit\u00eb.<\/p>\n","protected":false},"excerpt":{"rendered":"<p>Kryetari i Partis\u00eb Demokratike, Sali Berisha, tha sot n\u00eb 15 vjetorin e 21 janarit, se nuk ka asnj\u00eb p\u00ebrgjegj\u00ebsi p\u00ebr ngjarjen ku u sh\u00ebnuan 4 viktima. N\u00eb nj\u00eb konferenc\u00eb p\u00ebr shtyp, ai tha se Rama e thirri at\u00eb protest\u00eb pasi falsifikoi nj\u00eb video t\u00eb filmuar nga Dritan Prifti dhe i k\u00ebrkoi ish kryeministrit t\u00eb koh\u00ebs [&hellip;]<\/p>\n","protected":false},"author":5,"featured_media":59192,"comment_status":"closed","ping_status":"closed","sticky":false,"template":"","format":"standard","meta":{"footnotes":""},"categories":[1,6332,29228],"tags":[39801,39802,22446],"class_list":{"0":"post-94944","1":"post","2":"type-post","3":"status-publish","4":"format-standard","5":"has-post-thumbnail","7":"category-aktualitet","8":"category-te-fundit","9":"category-vendi","10":"tag-berisha-per-21-janarin-rama-pergjegjesi-kryesor","11":"tag-garda-zbatoi-ligjin","12":"tag-sali-berisha"},"_links":{"self":[{"href":"https:\/\/jugulajm.net\/index.php?rest_route=\/wp\/v2\/posts\/94944","targetHints":{"allow":["GET"]}}],"collection":[{"href":"https:\/\/jugulajm.net\/index.php?rest_route=\/wp\/v2\/posts"}],"about":[{"href":"https:\/\/jugulajm.net\/index.php?rest_route=\/wp\/v2\/types\/post"}],"author":[{"embeddable":true,"href":"https:\/\/jugulajm.net\/index.php?rest_route=\/wp\/v2\/users\/5"}],"replies":[{"embeddable":true,"href":"https:\/\/jugulajm.net\/index.php?rest_route=%2Fwp%2Fv2%2Fcomments&post=94944"}],"version-history":[{"count":1,"href":"https:\/\/jugulajm.net\/index.php?rest_route=\/wp\/v2\/posts\/94944\/revisions"}],"predecessor-version":[{"id":94945,"href":"https:\/\/jugulajm.net\/index.php?rest_route=\/wp\/v2\/posts\/94944\/revisions\/94945"}],"wp:featuredmedia":[{"embeddable":true,"href":"https:\/\/jugulajm.net\/index.php?rest_route=\/wp\/v2\/media\/59192"}],"wp:attachment":[{"href":"https:\/\/jugulajm.net\/index.php?rest_route=%2Fwp%2Fv2%2Fmedia&parent=94944"}],"wp:term":[{"taxonomy":"category","embeddable":true,"href":"https:\/\/jugulajm.net\/index.php?rest_route=%2Fwp%2Fv2%2Fcategories&post=94944"},{"taxonomy":"post_tag","embeddable":true,"href":"https:\/\/jugulajm.net\/index.php?rest_route=%2Fwp%2Fv2%2Ftags&post=94944"}],"curies":[{"name":"wp","href":"https:\/\/api.w.org\/{rel}","templated":true}]}}