{"id":94939,"date":"2026-01-21T10:38:07","date_gmt":"2026-01-21T09:38:07","guid":{"rendered":"https:\/\/jugulajm.net\/?p=94939"},"modified":"2026-01-21T10:40:29","modified_gmt":"2026-01-21T09:40:29","slug":"21-janari-rama-spak-beri-sikur-kjo-ceshtje-sekziston-edhe-pas-15-vitesh-sngriti-akuze","status":"publish","type":"post","link":"https:\/\/jugulajm.net\/?p=94939","title":{"rendered":"21 Janari\/ Rama: SPAK b\u00ebri sikur kjo \u00e7\u00ebshtje s&#8217;ekziston, edhe pas 15 vitesh s&#8217;ngriti akuz\u00eb"},"content":{"rendered":"<p>Kryeministri Edi Rama n\u00eb ceremonin\u00eb e homazheve p\u00ebr 4 protestuesit e vrar\u00eb me 21 Janar, shigjetoi dhe Prokurorin\u00eb e Posa\u00e7me.<\/p>\n<p>Gjat\u00eb fjal\u00ebs s\u00eb tij, Rama u shpreh se SPAK b\u00ebri sikur kjo \u00e7\u00ebshtje nuk ekzistonte dhe vet\u00ebm 15 vite pas krimit, nisi t\u00eb merrte n\u00eb pyetje disa persona p\u00ebr k\u00ebt\u00eb vrasje.<\/p>\n<p>Ai tha se p\u00ebr t\u00eb \u00ebsht\u00eb e paimagjinueshme se reforma n\u00eb drejt\u00ebsi q\u00eb lindi si nevoj\u00eb p\u00ebr drejt\u00ebsi edhe p\u00ebr 21 Janarin, nuk ngriti asnj\u00eb akuz\u00eb as pas 15 vjet\u00ebsh p\u00ebr vrasjet n\u00eb bulevard.<\/p>\n<p>\u201cMezi u thirr\u00ebn p\u00ebr tu pyetur pas thuajse 15 vitesh, se 15 vjet b\u00ebhen sot. E kam ditur dhe th\u00ebn\u00eb, \u00ebsht\u00eb n\u00eb shum\u00eb kronika se 21 janari si krim shet\u00ebror hyn n\u00eb at\u00eb kategori p\u00ebr t\u00eb cil\u00ebn historia na m\u00ebson se drejt\u00ebsia vonon shum\u00eb por nuk harron kurr\u00eb.<\/p>\n<p>\u00cbsht\u00eb interesante historia e krimeve shtet\u00ebrore sepse nuk rezulton asnj\u00eb krim shtet\u00ebror i pand\u00ebshkuar. \u00cbsht\u00eb shum\u00eb evidente nga ana tjet\u00ebr n\u00eb analet e asaj historie se sa shum\u00eb vonon nd\u00ebshkimi p\u00ebr nj\u00eb krim shtet\u00ebror.<\/p>\n<p>Por ama edhe me orvatjen p\u00ebr t\u00eb gjetur ngush\u00ebllim te historia e bot\u00ebs demokratike ndaj krimeve shtet\u00ebrore nuk e kam menduar se reforma n\u00eb drejt\u00ebsi q\u00eb 21 janari si nevoj\u00eb e jon\u00eb p\u00ebr drejt\u00ebsi ka qen\u00eb nj\u00eb nga arsyet p\u00ebr ta \u00e7uar para reform\u00ebn, \u00ebsht\u00eb e paimagjinueshme p\u00ebr mua q\u00eb nuk do t\u00eb ngrinin asnj\u00eb akuz\u00eb p\u00ebr 21 janarin as pas 15 vjet\u00ebsh p\u00ebr vrasjet n\u00eb bulevardin kryesor.<\/p>\n<p>Edhe pse SPAK b\u00ebri sikur kjo \u00e7\u00ebshtje nuk ekziston, kur i \u00ebsht\u00eb dashur ka hetuar dhe ka ngritur akuza p\u00ebr nj\u00eb vit p\u00ebr \u00e7\u00ebshtje t\u00eb hapura qoft\u00eb me nj\u00eb let\u00ebr anonime, apo ka konsumuar energji me vite duke mbajtur peng pun\u00eb me interes shtet\u00ebror dhe punonj\u00ebs shteti me \u00e7\u00ebshtje t\u00eb cilat jan\u00eb aq t\u00eb sforcuara sa mund t\u00eb shkruhen romane satirike jo vendime gjyq\u00ebsore t\u00eb form\u00ebs s\u00eb prer\u00eb, faj\u00ebsie.<\/p>\n<p>Ishte i paepuri, Mark Nika ungjii t\u00eb ndjerit Aleks Nika q\u00eb e \u00e7oi \u00e7\u00ebshtjen n\u00eb Strasburg dhe e ktheu gurin mbi varrin ku drejt\u00ebsia e kishte ky\u00e7ur 21 janarin, pas nj\u00eb farse t\u00eb sh\u00ebmtuar kriminale si ai gjyqi q\u00eb me demek u b\u00eb lidhur me vrasjet\u201d, tha Rama.<\/p>\n<p>Kryeministri u shpreh se vet\u00ebm fal\u00eb k\u00ebmb\u00ebnguljes s\u00eb familjar\u00ebve t\u00eb viktimave dosja e krimit m\u00eb t\u00eb eg\u00ebr t\u00eb historis\u00eb s\u00eb demokracis\u00eb shqiptare u vendos me detyrim n\u00eb tryez\u00ebn e SPAK.<\/p>\n<p>\u201cVet\u00ebm ashtu dhe fal\u00eb k\u00ebmb\u00ebnguljes s\u00eb familjeve t\u00eb viktimave p\u00ebrmes Markut dosja e krimit m\u00eb t\u00eb eg\u00ebr t\u00eb histroris\u00eb s\u00eb demokracis\u00eb shqiptare u vendos me detyrim p\u00ebrcaktim n\u00eb tryez\u00ebn e SPAK, ai dor\u00ebzoi nj\u00eb material autentik z\u00ebrash t\u00eb regjistruar n\u00eb vendngjarja nga kanalet e komnukimit t\u00eb forcave t\u00eb siguris\u00eb t\u00eb cilin e mbante t\u00eb fshehur nga mosbesimi total ndaj institucioneve t\u00eb drejt\u00ebsis\u00eb dhe nga ndroja se mos ai material mund t\u00eb \u201chumbte\u201d sic jan\u00eb \u201chumbur\u201d plot gjurm\u00eb.<\/p>\n<p>21 janari ka nj\u00eb specifik\u00eb, nd\u00ebrkoh\u00eb q\u00eb gjurm\u00eb t\u00eb shumta jan\u00eb humbur ujku \u00ebsht\u00eb i duksh\u00ebm n\u00eb syt\u00eb e t\u00eb gjith\u00ebve. Gjykata e Strasburgut n\u00ebnvizoi si shkelje t\u00eb Konvent\u00ebs Europiane qoft\u00eb p\u00ebrdorimin e pajustifikuesh\u00ebm t\u00eb forc\u00ebs vdekjeprur\u00ebse qoft\u00eb munges\u00ebn e baz\u00ebs legjitime p\u00ebr t\u00eb mbrojtur zyr\u00ebn e kryeministrit me forc\u00eb vdekjeprur\u00ebse duke k\u00ebrkuar nga autoritetet t\u00eb zbardhin ngjarjen.<\/p>\n<p>Gjykata e Lart\u00eb ka formuluar dokumentin m\u00eb t\u00eb plot\u00eb dhe t\u00eb pa kontestuesh\u00ebm profesionalisht dhe moralisht dhe ka v\u00ebn\u00eb n\u00eb l\u00ebvizje hetimet q\u00eb kan\u00eb rinisur\u201d, theksoi Kryeministri.<\/p>\n<p>Rama tha se nevoja p\u00ebr drejt\u00ebsi p\u00ebr k\u00ebt\u00eb tragjedi do t\u00eb triumfoj\u00eb me se s\u2019b\u00ebn.<\/p>\n<p>\u201cNd\u00ebrkoh\u00eb q\u00eb shpresa vdes e fundit dhe nevoja p\u00ebr drejt\u00ebsi nuk vdes kurr\u00eb edhe kur vdes shpresa. Un\u00eb nuk e di edhe sa vite do k\u00ebrkoj\u00eb fundi i padrjet\u00ebsis\u00eb ul\u00ebrit\u00ebse t\u00eb 21 janarit, mbi k\u00ebdo q\u00eb k\u00ebrkon drejt\u00ebsi, di me siguri q\u00eb ul\u00ebrimat e k\u00ebsaj padrejt\u00ebsie nuk do shuhen asnj\u00ebher\u00eb, nevoja p\u00ebr drejt\u00ebsi p\u00ebr k\u00ebt\u00eb tragjedi do t\u00eb triumfoj\u00eb se nuk b\u00ebn\u201d, tha kryeministri Rama.<\/p>\n","protected":false},"excerpt":{"rendered":"<p>Kryeministri Edi Rama n\u00eb ceremonin\u00eb e homazheve p\u00ebr 4 protestuesit e vrar\u00eb me 21 Janar, shigjetoi dhe Prokurorin\u00eb e Posa\u00e7me. Gjat\u00eb fjal\u00ebs s\u00eb tij, Rama u shpreh se SPAK b\u00ebri sikur kjo \u00e7\u00ebshtje nuk ekzistonte dhe vet\u00ebm 15 vite pas krimit, nisi t\u00eb merrte n\u00eb pyetje disa persona p\u00ebr k\u00ebt\u00eb vrasje. Ai tha se p\u00ebr [&hellip;]<\/p>\n","protected":false},"author":5,"featured_media":75048,"comment_status":"closed","ping_status":"closed","sticky":false,"template":"","format":"standard","meta":{"footnotes":""},"categories":[1,6332],"tags":[39798,39799,20432],"class_list":{"0":"post-94939","1":"post","2":"type-post","3":"status-publish","4":"format-standard","5":"has-post-thumbnail","7":"category-aktualitet","8":"category-te-fundit","9":"tag-21-janari-rama-spak-beri-sikur-kjo-ceshtje-sekziston","10":"tag-edhe-pas-15-vitesh-sngriti-akuze","11":"tag-edi-rama"},"_links":{"self":[{"href":"https:\/\/jugulajm.net\/index.php?rest_route=\/wp\/v2\/posts\/94939","targetHints":{"allow":["GET"]}}],"collection":[{"href":"https:\/\/jugulajm.net\/index.php?rest_route=\/wp\/v2\/posts"}],"about":[{"href":"https:\/\/jugulajm.net\/index.php?rest_route=\/wp\/v2\/types\/post"}],"author":[{"embeddable":true,"href":"https:\/\/jugulajm.net\/index.php?rest_route=\/wp\/v2\/users\/5"}],"replies":[{"embeddable":true,"href":"https:\/\/jugulajm.net\/index.php?rest_route=%2Fwp%2Fv2%2Fcomments&post=94939"}],"version-history":[{"count":2,"href":"https:\/\/jugulajm.net\/index.php?rest_route=\/wp\/v2\/posts\/94939\/revisions"}],"predecessor-version":[{"id":94941,"href":"https:\/\/jugulajm.net\/index.php?rest_route=\/wp\/v2\/posts\/94939\/revisions\/94941"}],"wp:featuredmedia":[{"embeddable":true,"href":"https:\/\/jugulajm.net\/index.php?rest_route=\/wp\/v2\/media\/75048"}],"wp:attachment":[{"href":"https:\/\/jugulajm.net\/index.php?rest_route=%2Fwp%2Fv2%2Fmedia&parent=94939"}],"wp:term":[{"taxonomy":"category","embeddable":true,"href":"https:\/\/jugulajm.net\/index.php?rest_route=%2Fwp%2Fv2%2Fcategories&post=94939"},{"taxonomy":"post_tag","embeddable":true,"href":"https:\/\/jugulajm.net\/index.php?rest_route=%2Fwp%2Fv2%2Ftags&post=94939"}],"curies":[{"name":"wp","href":"https:\/\/api.w.org\/{rel}","templated":true}]}}