{"id":94914,"date":"2026-01-20T11:39:54","date_gmt":"2026-01-20T10:39:54","guid":{"rendered":"https:\/\/jugulajm.net\/?p=94914"},"modified":"2026-01-20T11:39:54","modified_gmt":"2026-01-20T10:39:54","slug":"rama-i-pergjigjet-trumpit-shqiperia-gati-te-behet-pjese-e-bordit-te-paqes","status":"publish","type":"post","link":"https:\/\/jugulajm.net\/?p=94914","title":{"rendered":"Rama i p\u00ebrgjigjet Trumpit: Shqip\u00ebria gati t\u00eb b\u00ebhet pjes\u00eb e Bordit t\u00eb Paqes"},"content":{"rendered":"<p>Kryeministri Edi Rama i ka p\u00ebrcjell\u00eb Presidentit t\u00eb Shteteve t\u00eb Bashkuara, Donald Trump, p\u00ebrgjigjen zyrtare ndaj ftes\u00ebs p\u00ebr pjes\u00ebmarrje n\u00eb Bordin e Paqes, duke shprehur mir\u00ebnjohje p\u00ebr angazhimin dhe udh\u00ebheqjen e tij n\u00eb themelimin e k\u00ebsaj nisme.<\/p>\n<div class=\"jeg_ad jeg_ad_article jnews_content_inline_ads  \">\n<div class=\"ads-wrapper align-center \">\n<div class=\"ads_code\">\n<p>N\u00eb letr\u00ebn drejtuar Presidentit Trump, Kryeministri vler\u00ebson Bordin e Paqes si nj\u00eb instrument konkret dhe t\u00eb domosdosh\u00ebm p\u00ebr nd\u00ebrtimin aktiv t\u00eb paqes globale, p\u00ebrtej deklaratave formale. Ai thekson se Shqip\u00ebria, si aleate e q\u00ebndrueshme e SHBA-s\u00eb, \u00ebsht\u00eb e gatshme t\u00eb kontribuoj\u00eb n\u00eb k\u00ebt\u00eb p\u00ebrpjekje dhe njofton se angazhimi do t\u2019i p\u00ebrcillet Kuvendit p\u00ebr miratim.<\/p>\n<p><strong>P\u00ebrgjigja e Ram\u00ebs:<\/strong><\/p>\n<p><em>Sot i p\u00ebrcolla Presidentit Donald J. Trump p\u00ebrgjigjen e ftes\u00ebs s\u00eb tij p\u00ebr t\u00eb marr\u00eb pjes\u00eb n\u00eb Bordin e Paqes. S\u00eb shpejti angazhimi yn\u00eb do t\u2019i p\u00ebrcillet Kuvendit t\u00eb Shqip\u00ebris\u00eb p\u00ebr miratim. #Krenarp\u00ebrShqip\u00ebrin\u00eb Bashk\u00eblidhur p\u00ebrkthimi: Republika e Shqip\u00ebris\u00eb Kryeministri Tiran\u00eb, 19 janar 2026 Shk\u00eblqesis\u00eb s\u00eb Tij Z. Donald J. Trump President i Shteteve t\u00eb Bashkuara t\u00eb Amerik\u00ebs Washington, DC I nderuar Zoti President, Po ju shkruaj p\u00ebr t\u00eb shprehur vler\u00ebsimin tim m\u00eb t\u00eb thell\u00eb p\u00ebr angazhimin tuaj t\u00eb fort\u00eb dhe udh\u00ebheqjen vizionare n\u00eb themelimin e Bordit t\u00eb Paqes, si edhe p\u00ebr t\u2019ju fal\u00ebnderuar sinqerisht p\u00ebr ftes\u00ebn q\u00eb m\u00eb keni drejtuar personalisht p\u00ebr t\u00eb qen\u00eb pjes\u00eb e tij, si edhe p\u00ebr ftes\u00ebn drejtuar vendit tim, Republik\u00ebs s\u00eb Shqip\u00ebris\u00eb, p\u00ebr t\u00eb sh\u00ebrbyer si an\u00ebtare themeluese. N\u00eb nj\u00eb koh\u00eb kur konfliktet dhe p\u00ebr\u00e7arja dominojn\u00eb shum\u00eb shpesh panoram\u00ebn nd\u00ebrkomb\u00ebtare, paqja duhet t\u00eb form\u00ebsohet aktivisht e jo t\u00eb pritet pasivisht a diskutohet pafund\u00ebsisht n\u00ebp\u00ebr forume politike, teksa p\u00ebrreth globit jet\u00eb t\u00eb pafajshme humbasin kot\u00ebsisht \u00e7do minut\u00eb. Bordi i Paqes shfaqet si mish\u00ebrimi i k\u00ebsaj domosdoshm\u00ebrie urgjente. Duke trajtuar nj\u00ebkoh\u00ebsisht pasojat e menj\u00ebhershme t\u00eb konflikteve dhe shkaqet m\u00eb t\u00eb thella strukturore q\u00eb e prodhojn\u00eb paq\u00ebndrueshm\u00ebrin\u00eb, kjo nism\u00eb ka potencialin t\u00eb shnd\u00ebrrohet n\u00eb nj\u00eb model v\u00ebrtet\u00eb transformues t\u00eb nd\u00ebrtimit t\u00eb paqes n\u00eb nivel global. Duket qart\u00eb se p\u00ebr t\u00eb qen\u00eb nj\u00eb organizat\u00eb e re nd\u00ebrkomb\u00ebtare, Bordi i Paqes nuk \u00ebsht\u00eb konceptuar si nj\u00eb forum tjet\u00ebr deklaratash, procedurash dhe p\u00ebrgjegj\u00ebsish t\u00eb shtyra n\u00eb koh\u00eb, por si nj\u00eb instrument i p\u00ebrq\u00ebndruar dhe q\u00ebllimplot\u00eb i udh\u00ebheqjes dhe p\u00ebrgjegj\u00ebsis\u00eb globale. Kur filtrohet pafund\u00ebsisht p\u00ebrmes shtresave t\u00eb procedurave, paqja shum\u00eb shpesh mb\u00ebrrin tep\u00ebr von\u00eb; kjo nism\u00eb mish\u00ebron me plot t\u00eb drejt\u00eb kuptimin se koha, qart\u00ebsia e mandatit dhe p\u00ebrgjegj\u00ebsia personale n\u00eb nivelin m\u00eb t\u00eb lart\u00eb jan\u00eb vet\u00eb instrumente t\u00eb paqes. Prandaj, \u00ebsht\u00eb nj\u00ebkoh\u00ebsisht privilegj dhe nder t\u00eb shpreh gatishm\u00ebrin\u00eb time t\u00eb plot\u00eb p\u00ebr t\u00eb kontribuar n\u00eb k\u00ebt\u00eb p\u00ebrpjekje t\u00eb r\u00ebnd\u00ebsishme dhe p\u00ebr t\u2019u b\u00ebr\u00eb t\u00ebr\u00ebsisht pjes\u00eb e nj\u00eb angazhimi t\u00eb p\u00ebrbashk\u00ebt q\u00eb synon ta p\u00ebrkthej\u00eb vizionin n\u00eb veprim. Republika e Shqip\u00ebris\u00eb ka qen\u00eb prej koh\u00ebsh nj\u00eb aleate e pal\u00ebkundur e Shteteve t\u00eb Bashkuara t\u00eb Amerik\u00ebs, e lidhur nga vlera t\u00eb p\u00ebrbashk\u00ebta, respekt i nd\u00ebrsjell\u00eb dhe nj\u00eb p\u00ebrkushtim i p\u00ebrbashk\u00ebt ndaj liris\u00eb, demokracis\u00eb dhe siguris\u00eb nd\u00ebrkomb\u00ebtare. Populli shqiptar do ta kujtoj\u00eb gjithmon\u00eb dhe do ta \u00e7moj\u00eb vazhdimisht rolin parimor dhe vendimtar t\u00eb Shteteve t\u00eb Bashkuara t\u00eb Amerik\u00ebs, drejt vendosjes s\u00eb paqes dhe stabilitetit n\u00eb rajonin ton\u00eb n\u00eb momente kritike t\u00eb historis\u00eb son\u00eb t\u00eb p\u00ebrbashk\u00ebt. N\u00eb k\u00ebt\u00eb frym\u00eb t\u00eb q\u00ebndrueshme partneriteti, d\u00ebshiroj t\u00eb ritheksoj se Republika e Shqip\u00ebris\u00eb q\u00ebndron me vendosm\u00ebri p\u00ebrkrah Shteteve t\u00eb Bashkuara t\u00eb Amerik\u00ebs, n\u00eb t\u00eb gjitha p\u00ebrpjekjet p\u00ebr promovimin e paqes, siguris\u00eb dhe angazhimit konstruktiv global. Duke pritur me interes t\u00eb kontribuoj n\u00eb suksesin e misionit t\u00eb Bordit t\u00eb Paqes, ju lutem pranoni, Zoti President dhe Kryetar i Bordit, shprehjen e konsiderat\u00ebs sime m\u00eb t\u00eb lart\u00eb.<\/em><\/p>\n<\/div>\n<\/div>\n<\/div>\n","protected":false},"excerpt":{"rendered":"<p>Kryeministri Edi Rama i ka p\u00ebrcjell\u00eb Presidentit t\u00eb Shteteve t\u00eb Bashkuara, Donald Trump, p\u00ebrgjigjen zyrtare ndaj ftes\u00ebs p\u00ebr pjes\u00ebmarrje n\u00eb Bordin e Paqes, duke shprehur mir\u00ebnjohje p\u00ebr angazhimin dhe udh\u00ebheqjen e tij n\u00eb themelimin e k\u00ebsaj nisme. N\u00eb letr\u00ebn drejtuar Presidentit Trump, Kryeministri vler\u00ebson Bordin e Paqes si nj\u00eb instrument konkret dhe t\u00eb domosdosh\u00ebm p\u00ebr [&hellip;]<\/p>\n","protected":false},"author":5,"featured_media":94846,"comment_status":"closed","ping_status":"closed","sticky":false,"template":"","format":"standard","meta":{"footnotes":""},"categories":[7664,6332],"tags":[39786],"class_list":{"0":"post-94914","1":"post","2":"type-post","3":"status-publish","4":"format-standard","5":"has-post-thumbnail","7":"category-bota","8":"category-te-fundit","9":"tag-rama-i-pergjigjet-trumpit-shqiperia-gati-te-behet-pjese-e-bordit-te-paqes"},"_links":{"self":[{"href":"https:\/\/jugulajm.net\/index.php?rest_route=\/wp\/v2\/posts\/94914","targetHints":{"allow":["GET"]}}],"collection":[{"href":"https:\/\/jugulajm.net\/index.php?rest_route=\/wp\/v2\/posts"}],"about":[{"href":"https:\/\/jugulajm.net\/index.php?rest_route=\/wp\/v2\/types\/post"}],"author":[{"embeddable":true,"href":"https:\/\/jugulajm.net\/index.php?rest_route=\/wp\/v2\/users\/5"}],"replies":[{"embeddable":true,"href":"https:\/\/jugulajm.net\/index.php?rest_route=%2Fwp%2Fv2%2Fcomments&post=94914"}],"version-history":[{"count":1,"href":"https:\/\/jugulajm.net\/index.php?rest_route=\/wp\/v2\/posts\/94914\/revisions"}],"predecessor-version":[{"id":94915,"href":"https:\/\/jugulajm.net\/index.php?rest_route=\/wp\/v2\/posts\/94914\/revisions\/94915"}],"wp:featuredmedia":[{"embeddable":true,"href":"https:\/\/jugulajm.net\/index.php?rest_route=\/wp\/v2\/media\/94846"}],"wp:attachment":[{"href":"https:\/\/jugulajm.net\/index.php?rest_route=%2Fwp%2Fv2%2Fmedia&parent=94914"}],"wp:term":[{"taxonomy":"category","embeddable":true,"href":"https:\/\/jugulajm.net\/index.php?rest_route=%2Fwp%2Fv2%2Fcategories&post=94914"},{"taxonomy":"post_tag","embeddable":true,"href":"https:\/\/jugulajm.net\/index.php?rest_route=%2Fwp%2Fv2%2Ftags&post=94914"}],"curies":[{"name":"wp","href":"https:\/\/api.w.org\/{rel}","templated":true}]}}