{"id":94905,"date":"2026-01-20T08:46:23","date_gmt":"2026-01-20T07:46:23","guid":{"rendered":"https:\/\/jugulajm.net\/?p=94905"},"modified":"2026-01-20T08:46:23","modified_gmt":"2026-01-20T07:46:23","slug":"emri-nderron-jete-ne-qsut-i-denuari-shkak-dyshohet","status":"publish","type":"post","link":"https:\/\/jugulajm.net\/?p=94905","title":{"rendered":"EMRI\/ Nd\u00ebrron jet\u00eb n\u00eb QSUT i d\u00ebnuari, shkak dyshohet&#8230;"},"content":{"rendered":"<p>Sot, rreth or\u00ebs 04:35, n\u00eb Qendr\u00ebn Spitalore Universitare \u201cN\u00ebn\u00eb Tereza\u201d (QSUNT) ka nd\u00ebrruar jet\u00eb i d\u00ebnuari i siguris\u00eb s\u00eb lart\u00eb Mihal Pavllo M\u00ebrkuri, i shtruar n\u00eb Reanimacionin Qendror, Pavijoni i Kirurgjis\u00eb.<\/p>\n<p>Vdekja ka ardhur si pasoj\u00eb e arrestit kardiak dhe hemorragjis\u00eb n\u00eb kok\u00eb.<br \/>\nMihal Pavllo M\u00ebrkuri, i dat\u00eblindjes 25.01.1979, lindur dhe banues n\u00eb Sarand\u00eb, ishte i d\u00ebnuar me 10 vjet burg p\u00ebr veprat penale \u201cvrasje me dashje e mbetur n\u00eb tentativ\u00eb\u201d dhe \u201cprodhim e mbajtje pa leje t\u00eb arm\u00ebve luftarake dhe municionit\u201d.<\/p>\n<p>Ai \u00ebsht\u00eb ekstraduar nga Greqia m\u00eb dat\u00eb 20.06.2023 dhe \u00ebsht\u00eb transferuar n\u00eb IEVP Burrel m\u00eb dat\u00eb 15.02.2025, nga IEVP Kor\u00e7\u00eb.<br \/>\nI ndjeri \u00ebsht\u00eb shtruar n\u00eb QSUT m\u00eb dat\u00eb 18.01.2026, rreth or\u00ebs 20:21, dhe i \u00ebsht\u00eb n\u00ebnshtruar nd\u00ebrhyrjes kirurgjikale p\u00ebr shkak t\u00eb hemorragjis\u00eb s\u00eb brendshme (hemoperitoneum).<\/p>\n<p>P\u00ebr rastin po zbatohen t\u00eb gjitha procedurat e p\u00ebrcaktuara ligjore.<\/p>\n","protected":false},"excerpt":{"rendered":"<p>Sot, rreth or\u00ebs 04:35, n\u00eb Qendr\u00ebn Spitalore Universitare \u201cN\u00ebn\u00eb Tereza\u201d (QSUNT) ka nd\u00ebrruar jet\u00eb i d\u00ebnuari i siguris\u00eb s\u00eb lart\u00eb Mihal Pavllo M\u00ebrkuri, i shtruar n\u00eb Reanimacionin Qendror, Pavijoni i Kirurgjis\u00eb. Vdekja ka ardhur si pasoj\u00eb e arrestit kardiak dhe hemorragjis\u00eb n\u00eb kok\u00eb. Mihal Pavllo M\u00ebrkuri, i dat\u00eblindjes 25.01.1979, lindur dhe banues n\u00eb Sarand\u00eb, ishte [&hellip;]<\/p>\n","protected":false},"author":5,"featured_media":71801,"comment_status":"closed","ping_status":"closed","sticky":false,"template":"","format":"standard","meta":{"footnotes":""},"categories":[1,6332,29228],"tags":[39781,39782],"class_list":{"0":"post-94905","1":"post","2":"type-post","3":"status-publish","4":"format-standard","5":"has-post-thumbnail","7":"category-aktualitet","8":"category-te-fundit","9":"category-vendi","10":"tag-nderron-jete-ne-qsut-i-denuari","11":"tag-shkak-dyshohet"},"_links":{"self":[{"href":"https:\/\/jugulajm.net\/index.php?rest_route=\/wp\/v2\/posts\/94905","targetHints":{"allow":["GET"]}}],"collection":[{"href":"https:\/\/jugulajm.net\/index.php?rest_route=\/wp\/v2\/posts"}],"about":[{"href":"https:\/\/jugulajm.net\/index.php?rest_route=\/wp\/v2\/types\/post"}],"author":[{"embeddable":true,"href":"https:\/\/jugulajm.net\/index.php?rest_route=\/wp\/v2\/users\/5"}],"replies":[{"embeddable":true,"href":"https:\/\/jugulajm.net\/index.php?rest_route=%2Fwp%2Fv2%2Fcomments&post=94905"}],"version-history":[{"count":1,"href":"https:\/\/jugulajm.net\/index.php?rest_route=\/wp\/v2\/posts\/94905\/revisions"}],"predecessor-version":[{"id":94906,"href":"https:\/\/jugulajm.net\/index.php?rest_route=\/wp\/v2\/posts\/94905\/revisions\/94906"}],"wp:featuredmedia":[{"embeddable":true,"href":"https:\/\/jugulajm.net\/index.php?rest_route=\/wp\/v2\/media\/71801"}],"wp:attachment":[{"href":"https:\/\/jugulajm.net\/index.php?rest_route=%2Fwp%2Fv2%2Fmedia&parent=94905"}],"wp:term":[{"taxonomy":"category","embeddable":true,"href":"https:\/\/jugulajm.net\/index.php?rest_route=%2Fwp%2Fv2%2Fcategories&post=94905"},{"taxonomy":"post_tag","embeddable":true,"href":"https:\/\/jugulajm.net\/index.php?rest_route=%2Fwp%2Fv2%2Ftags&post=94905"}],"curies":[{"name":"wp","href":"https:\/\/api.w.org\/{rel}","templated":true}]}}