{"id":94892,"date":"2026-01-19T17:13:07","date_gmt":"2026-01-19T16:13:07","guid":{"rendered":"https:\/\/jugulajm.net\/?p=94892"},"modified":"2026-01-19T17:13:07","modified_gmt":"2026-01-19T16:13:07","slug":"emri-foto-greqi-vritet-ne-burg-shqiptari-nga-tepelena-u-qellua-me-thike-nga-i-denuari-grek","status":"publish","type":"post","link":"https:\/\/jugulajm.net\/?p=94892","title":{"rendered":"EMRI-FOTO\/ Greqi, vritet n\u00eb burg shqiptari nga Tepelena, u q\u00ebllua me thik\u00eb nga i d\u00ebnuari grek"},"content":{"rendered":"<div class=\"firstP\">\n<p>Nj\u00eb sherr mes dy t\u00eb burgosurve, nj\u00eb greku dhe nj\u00eb shqiptari n\u00eb burgun e Koridhalos, ka p\u00ebrfunduar me vrasjen e shqiptarit dhe plagosjen e grekut.<\/p>\n<\/div>\n<p>Sipas burimeve policore, viktima Jani Aliaj, 49-vje\u00e7, shqiptar nga Tepelena dhe autori pat\u00ebn nj\u00eb sherr dhe u p\u00ebrlesh\u00ebn me nj\u00ebri-tjetrin p\u00ebr arsye ende t\u00eb pa ditura.<\/p>\n<p>P\u00ebr momentin dihet q\u00eb autori dhe viktima mbaheshin n\u00eb burg p\u00ebr vrasje.<\/p>\n<p>Autori u arrestua nd\u00ebrsa po hetohen detajet e ngjarjes.<\/p>\n","protected":false},"excerpt":{"rendered":"<p>Nj\u00eb sherr mes dy t\u00eb burgosurve, nj\u00eb greku dhe nj\u00eb shqiptari n\u00eb burgun e Koridhalos, ka p\u00ebrfunduar me vrasjen e shqiptarit dhe plagosjen e grekut. Sipas burimeve policore, viktima Jani Aliaj, 49-vje\u00e7, shqiptar nga Tepelena dhe autori pat\u00ebn nj\u00eb sherr dhe u p\u00ebrlesh\u00ebn me nj\u00ebri-tjetrin p\u00ebr arsye ende t\u00eb pa ditura. P\u00ebr momentin dihet q\u00eb [&hellip;]<\/p>\n","protected":false},"author":5,"featured_media":83339,"comment_status":"closed","ping_status":"closed","sticky":false,"template":"","format":"standard","meta":{"footnotes":""},"categories":[1,6332],"tags":[25533,39778,39777],"class_list":{"0":"post-94892","1":"post","2":"type-post","3":"status-publish","4":"format-standard","5":"has-post-thumbnail","7":"category-aktualitet","8":"category-te-fundit","9":"tag-emri-foto-greqi","10":"tag-u-qellua-me-thike-nga-i-denuari-grek","11":"tag-vritet-ne-burg-shqiptari-nga-tepelena"},"_links":{"self":[{"href":"https:\/\/jugulajm.net\/index.php?rest_route=\/wp\/v2\/posts\/94892","targetHints":{"allow":["GET"]}}],"collection":[{"href":"https:\/\/jugulajm.net\/index.php?rest_route=\/wp\/v2\/posts"}],"about":[{"href":"https:\/\/jugulajm.net\/index.php?rest_route=\/wp\/v2\/types\/post"}],"author":[{"embeddable":true,"href":"https:\/\/jugulajm.net\/index.php?rest_route=\/wp\/v2\/users\/5"}],"replies":[{"embeddable":true,"href":"https:\/\/jugulajm.net\/index.php?rest_route=%2Fwp%2Fv2%2Fcomments&post=94892"}],"version-history":[{"count":1,"href":"https:\/\/jugulajm.net\/index.php?rest_route=\/wp\/v2\/posts\/94892\/revisions"}],"predecessor-version":[{"id":94893,"href":"https:\/\/jugulajm.net\/index.php?rest_route=\/wp\/v2\/posts\/94892\/revisions\/94893"}],"wp:featuredmedia":[{"embeddable":true,"href":"https:\/\/jugulajm.net\/index.php?rest_route=\/wp\/v2\/media\/83339"}],"wp:attachment":[{"href":"https:\/\/jugulajm.net\/index.php?rest_route=%2Fwp%2Fv2%2Fmedia&parent=94892"}],"wp:term":[{"taxonomy":"category","embeddable":true,"href":"https:\/\/jugulajm.net\/index.php?rest_route=%2Fwp%2Fv2%2Fcategories&post=94892"},{"taxonomy":"post_tag","embeddable":true,"href":"https:\/\/jugulajm.net\/index.php?rest_route=%2Fwp%2Fv2%2Ftags&post=94892"}],"curies":[{"name":"wp","href":"https:\/\/api.w.org\/{rel}","templated":true}]}}