{"id":94864,"date":"2026-01-18T15:37:40","date_gmt":"2026-01-18T14:37:40","guid":{"rendered":"https:\/\/jugulajm.net\/?p=94864"},"modified":"2026-01-18T15:38:22","modified_gmt":"2026-01-18T14:38:22","slug":"ftesa-e-trump-ne-bordin-e-paqes-shehu-spekulimet-e-rames-per-personalizime-larg-realitetit","status":"publish","type":"post","link":"https:\/\/jugulajm.net\/?p=94864","title":{"rendered":"Ftesa e Trump n\u00eb &#8216;Bordin e Paqes&#8217;, reagon Shehu: Spekulimet e Ram\u00ebs p\u00ebr personalizime, larg realitetit&#8230;"},"content":{"rendered":"<p>Deputeti i PD-s\u00eb p\u00ebr Qarkun Gjirokast\u00ebr, Tritan Shehu, ka kritikuar deklaratat e kryeministrit Edi Rama lidhur me ftes\u00ebn e presidentit Trump t\u00eb Shqip\u00ebris\u00eb n\u00eb Bordin e Paqes.<\/p>\n<p>Deputeti Shehu p\u00ebrmes nj\u00eb reagimi n\u00eb fb p\u00ebrsh\u00ebndet fillimin e faz\u00ebs s\u00eb dyt\u00eb t\u00eb planit p\u00ebr Gaz\u00ebn p\u00ebr \u201cBordin e Paqes\u201d, duke e cil\u00ebsuar si garanci stabiliteti e zhvillimi.<\/p>\n<p><strong>Reagimi i plot\u00eb i Shehut:<\/strong><\/p>\n<p>Duhet pershendetur fillimi i fazes se dyte te planit Trump per Gazen me \u201cBordin e Paqes\u201d si sukses i ketij plani, si garanci stabiliteti e zhvillimi.<\/p>\n<p>Shqiperia ka qene, eshte e duhet te jete ne mbeshtetje te ketij procesi.<\/p>\n<p>Spekullimet e Rames per personalizime a \u201csuper role\u201d te tij ne kete proces vecse cenojne rolin e Shqiperise dhe jane larg realitetit.<\/p>\n<p>Kete e tregojne edhe strukturat e lidhura me kete proces, qe deri tashti jane:<\/p>\n<p>1- Bordi i Paqes, si nje organ i gjere, ku nder vendet themeluese qe jane ftuar dhe e kane konfirmuar, te tjera qe po ftohen ne vazhdim, apo qe pritet konfirmimi prej tyre, eshte dhe Shqiperia e cila u shpreh pozitivisht.<\/p>\n<p>2- Bordi ekzekutiv si trupi kryesor i vendimmarrjes brenda Bordit t\u00eb Paqes, q\u00eb do t\u00eb mbik\u00ebqyr\u00eb faz\u00ebn tranzitore, rind\u00ebrtimin dhe qeverisjen e p\u00ebrkohshme t\u00eb Gaz\u00ebs:<\/p>\n<p>Donald Trump \u2013 Kryetar i Bordit t\u00eb Paqes.<\/p>\n<p>Marco Rubio \u2013 Sekretar i Shtetit i SHBA-s\u00eb.<\/p>\n<p>Steve Witkoff \u2013 P\u00ebrfaq\u00ebsues Special i SHBA-se.<\/p>\n<p>Jared Kushner \u2013 K\u00ebshilltar i Trumpit.<\/p>\n<p>Tony Blair \u2013 Ish-Kryeminist\u00ebr i Mbret\u00ebris\u00eb s\u00eb Bashkuar.<\/p>\n<p>Marc Ro\u00eban \u2013 CEO i Apollo Global Management.<\/p>\n<p>Ajay Banga \u2013 President i Bank\u00ebs Bot\u00ebrore.<\/p>\n<p>Robert Gabriel Jr. \u2013 K\u00ebshilltar amerikan i siguris\u00eb.<\/p>\n<p>Nickolay Mladenov \u2013 P\u00ebrfaq\u00ebsues i Lart\u00eb p\u00ebr Gaz\u00ebn.<\/p>\n<p>3- Komiteti Komb\u00ebtar p\u00ebr Administrimin e Gaz\u00ebs (NCAG) \u2013 komitet teknokratik palestinez.<\/p>\n<p>Shqiperia natyrshem eshte ftuar ne Bordin e Paqes si nje vend qartesisht pro amerikan, qe ka ndjekur politikat amerikane ne organizmat nderkombetare, shtet antar i NATO, pa konflikte e ambicje te kaluara a te sotme ne Lindjen e Mesme, pa interesa direkte ne Gaza, vend me maredhenie te mira me Izraelin e vendet arabe e te Rajonit njekohesisht, vend ne procesin e integrimit europian, me nje harmoni te brendeshme fetare, etj faktore te tille gjeopolitike te konsoliduara prej vitit 1992.<\/p>\n<p>Pa dyshim ky eshte nje tjeter vleresim i ketyre tipareve prej vendosjes se demokracise te vendit tone ne terresi.<\/p>\n<p>Pozitiviteti i kesaj ftese per Shqiperine, identike ne tekst ajo dhe per vendet e tjera, zbehet e demtohet nga deklaratat e Rames per ta personalizuar pa drejtesisht e jashte te vertetes ate.<\/p>\n<p>Qartesisht kjo konstatohet dhe nga formulimi i tekstit te ftesave, ku lihet edhe mundesia per dergimin e nje perfaqesuesi zyrtar ne ate bord.<\/p>\n<p>Si dhe nga fakti qe nominativ eshte vetem Bordi Ekzekutiv me emrat e mesiperm.<\/p>\n<p>Sidoqofte Shqiperia si kurdohere edhe ne kete inisiative duhet te ndjeke ngushtesisht politikat e ShBA per kete objektiv, per Lindjen e Mesme, si dhe ne gjeopolitikat e pergjitheshme.<\/p>\n<p>Me poshte po vendos ftesen per Presidentin e Paraguajt, identike ne tekst me ate te derguar Kryeministrit ne Tirane, tashme te publikuar.<\/p>\n<p><img loading=\"lazy\" loading=\"lazy\" decoding=\"async\" class=\"alignnone size-medium wp-image-1786820\" src=\"https:\/\/javanews.al\/wp-content\/uploads\/2026\/01\/IMG_5149-300x297.jpeg\" sizes=\"auto, (max-width: 300px) 100vw, 300px\" srcset=\"https:\/\/javanews.al\/wp-content\/uploads\/2026\/01\/IMG_5149-300x297.jpeg 300w, https:\/\/javanews.al\/wp-content\/uploads\/2026\/01\/IMG_5149-1024x1015.jpeg 1024w, https:\/\/javanews.al\/wp-content\/uploads\/2026\/01\/IMG_5149-150x150.jpeg 150w, https:\/\/javanews.al\/wp-content\/uploads\/2026\/01\/IMG_5149-768x761.jpeg 768w, https:\/\/javanews.al\/wp-content\/uploads\/2026\/01\/IMG_5149-75x75.jpeg 75w, https:\/\/javanews.al\/wp-content\/uploads\/2026\/01\/IMG_5149-750x744.jpeg 750w, https:\/\/javanews.al\/wp-content\/uploads\/2026\/01\/IMG_5149-1140x1130.jpeg 1140w, https:\/\/javanews.al\/wp-content\/uploads\/2026\/01\/IMG_5149.jpeg 1290w\" alt=\"\" width=\"300\" height=\"297\" data-pin-no-hover=\"true\" \/><\/p>\n","protected":false},"excerpt":{"rendered":"<p>Deputeti i PD-s\u00eb p\u00ebr Qarkun Gjirokast\u00ebr, Tritan Shehu, ka kritikuar deklaratat e kryeministrit Edi Rama lidhur me ftes\u00ebn e presidentit Trump t\u00eb Shqip\u00ebris\u00eb n\u00eb Bordin e Paqes. Deputeti Shehu p\u00ebrmes nj\u00eb reagimi n\u00eb fb p\u00ebrsh\u00ebndet fillimin e faz\u00ebs s\u00eb dyt\u00eb t\u00eb planit p\u00ebr Gaz\u00ebn p\u00ebr \u201cBordin e Paqes\u201d, duke e cil\u00ebsuar si garanci stabiliteti e [&hellip;]<\/p>\n","protected":false},"author":5,"featured_media":56570,"comment_status":"closed","ping_status":"closed","sticky":false,"template":"","format":"standard","meta":{"footnotes":""},"categories":[6326,6332],"tags":[39761,39763,39762,20369],"class_list":{"0":"post-94864","1":"post","2":"type-post","3":"status-publish","4":"format-standard","5":"has-post-thumbnail","7":"category-politike","8":"category-te-fundit","9":"tag-ftesa-e-trump-ne-bordin-e-paqes","10":"tag-larg-realitetit","11":"tag-shehu-spekulimet-e-rames-per-personalizime","12":"tag-tritan-shehu"},"_links":{"self":[{"href":"https:\/\/jugulajm.net\/index.php?rest_route=\/wp\/v2\/posts\/94864","targetHints":{"allow":["GET"]}}],"collection":[{"href":"https:\/\/jugulajm.net\/index.php?rest_route=\/wp\/v2\/posts"}],"about":[{"href":"https:\/\/jugulajm.net\/index.php?rest_route=\/wp\/v2\/types\/post"}],"author":[{"embeddable":true,"href":"https:\/\/jugulajm.net\/index.php?rest_route=\/wp\/v2\/users\/5"}],"replies":[{"embeddable":true,"href":"https:\/\/jugulajm.net\/index.php?rest_route=%2Fwp%2Fv2%2Fcomments&post=94864"}],"version-history":[{"count":2,"href":"https:\/\/jugulajm.net\/index.php?rest_route=\/wp\/v2\/posts\/94864\/revisions"}],"predecessor-version":[{"id":94866,"href":"https:\/\/jugulajm.net\/index.php?rest_route=\/wp\/v2\/posts\/94864\/revisions\/94866"}],"wp:featuredmedia":[{"embeddable":true,"href":"https:\/\/jugulajm.net\/index.php?rest_route=\/wp\/v2\/media\/56570"}],"wp:attachment":[{"href":"https:\/\/jugulajm.net\/index.php?rest_route=%2Fwp%2Fv2%2Fmedia&parent=94864"}],"wp:term":[{"taxonomy":"category","embeddable":true,"href":"https:\/\/jugulajm.net\/index.php?rest_route=%2Fwp%2Fv2%2Fcategories&post=94864"},{"taxonomy":"post_tag","embeddable":true,"href":"https:\/\/jugulajm.net\/index.php?rest_route=%2Fwp%2Fv2%2Ftags&post=94864"}],"curies":[{"name":"wp","href":"https:\/\/api.w.org\/{rel}","templated":true}]}}