{"id":94852,"date":"2026-01-18T09:32:54","date_gmt":"2026-01-18T08:32:54","guid":{"rendered":"https:\/\/jugulajm.net\/?p=94852"},"modified":"2026-01-18T09:32:54","modified_gmt":"2026-01-18T08:32:54","slug":"vrasja-ne-greqi-flet-autori-shqiptar-nese-se-beja-une-do-me-vriste-ai","status":"publish","type":"post","link":"https:\/\/jugulajm.net\/?p=94852","title":{"rendered":"Vrasja n\u00eb Greqi, flet autori shqiptar: N\u00ebse s&#8217;e b\u00ebja un\u00eb, do m\u00eb vriste ai"},"content":{"rendered":"<p>Nj\u00eb krim i r\u00ebnd\u00eb ka tronditur Greqin\u00eb, ku m\u00ebngjesin e s\u00eb shtun\u00ebs, m\u00eb 17 janar, kryeplaku 51-vje\u00e7ar i komunitetit Lithovunit u vra me arm\u00eb zjarri. Autor i dyshuar i krimit \u00ebsht\u00eb nj\u00eb shtetas shqiptar 44-vje\u00e7ar, i cili pas ngjarjes u vet\u00ebdor\u00ebzua n\u00eb polici.<\/p>\n<p>Sipas mediave greke dhe burimeve zyrtare, viktima dhe autori ishin miq prej vitesh, por koh\u00ebt e fundit marr\u00ebdh\u00ebnia e tyre ishte p\u00ebrkeq\u00ebsuar ndjesh\u00ebm, duke u shoq\u00ebruar me tensione dhe konflikte t\u00eb hapura.<\/p>\n<p><strong>Prita fatale dhe tre t\u00eb sht\u00ebna me arm\u00eb<\/strong><br \/>\nNga t\u00eb dh\u00ebnat e para t\u00eb hetimit rezulton se 44-vje\u00e7ari shqiptar i kishte ngritur prit\u00eb viktim\u00ebs. N\u00eb momentin q\u00eb 51-vje\u00e7ari po kalonte me automjetin e tij, autori dyshohet se e ka q\u00eblluar tre her\u00eb me arm\u00eb zjarri, duke i shkaktuar vdekjen e menj\u00ebhershme.<\/p>\n<p>Si pasoj\u00eb e t\u00eb sht\u00ebnave, shoferi humbi kontrollin e mjetit dhe automjeti p\u00ebrfundoi n\u00eb nj\u00eb shk\u00ebmb. Trupi i viktim\u00ebs u gjet i pajet\u00eb brenda makin\u00ebs.<\/p>\n<p><strong>Pretendimi i autorit: \u201cE godita i pari nga frika\u201d<\/strong><\/p>\n<p>N\u00eb d\u00ebshmin\u00eb e tij, autori shqiptar ka pretenduar se veproi nga frika, duke deklaruar se e pa viktim\u00ebn duke i drejtuar arm\u00ebn nga brenda makin\u00ebs.<br \/>\n\u201cE kapa sepse, n\u00ebse nuk do ta b\u00ebja un\u00eb, do ta kishte b\u00ebr\u00eb ai\u201d, ka deklaruar ai para autoriteteve.<\/p>\n<p>Gjat\u00eb kontrollit n\u00eb automjetin e viktim\u00ebs, policia gjeti nj\u00eb pushk\u00eb gjahu, \u00e7ka konfirmon se edhe 51-vje\u00e7ari ishte i armatosur. N\u00eb makin\u00eb u gjet\u00ebn gjithashtu cop\u00ebza predhash, si n\u00eb pjes\u00ebn e p\u00ebrparme ashtu edhe n\u00eb at\u00eb t\u00eb pasme, elemente q\u00eb po analizohen nga ekspert\u00ebt balistik\u00eb.<\/p>\n<p><img decoding=\"async\" src=\"https:\/\/cdnimpuls.com\/versus.al\/media3\/-900-0-1768721020xagrinio-mak6-523.jpg\" alt=\"&quot;N\u00ebse s'e b\u00ebja un\u00eb, do m\u00eb vriste ai...&quot; \/\" width=\"100%\" data-size=\"x\" data-id=\"53711\" \/><\/p>\n<p><strong>Nga kafeneja te ndjekja me makin\u00eb<\/strong><\/p>\n<p>Sipas d\u00ebshmive t\u00eb publikuara nga agrinionews.gr, viktima ndodhej m\u00eb her\u00ebt n\u00eb nj\u00eb kafene t\u00eb zon\u00ebs. Aty pa automjetin e autorit t\u00eb kalonte pran\u00eb dhe dyshohet se e ndoqi me makin\u00eb drejt zon\u00ebs s\u00eb Agios Andreas.<\/p>\n<p>N\u00eb nj\u00eb moment, 44-vje\u00e7ari b\u00ebri nj\u00eb kthes\u00eb U, duke kuptuar se po ndiqej, dhe pak m\u00eb von\u00eb ndodhi p\u00ebrballja fatale.<\/p>\n<p><strong>Vet\u00ebdor\u00ebzim dhe pranga<\/strong><br \/>\nDisa or\u00eb pas vrasjes, autori shqiptar kontaktoi vet\u00eb policin\u00eb, duke deklaruar:<br \/>\n\u201cEjani t\u00eb m\u00eb merrni nga sht\u00ebpia, un\u00eb e vrava\u201d. Ai u arrestua n\u00eb banes\u00ebn e tij dhe u dor\u00ebzua bashk\u00eb me arm\u00ebn e krimit, nj\u00eb pushk\u00eb gjuetie. Sipas Policis\u00eb Greke (ELAS), ndaj tij \u00ebsht\u00eb ngritur akuza p\u00ebr vrasje me dashje dhe arm\u00ebmbajtje pa leje.<\/p>\n<p><strong>Reagimi i banor\u00ebve: \u201cAskush nuk e priste k\u00ebt\u00eb fund\u201d<\/strong><br \/>\nBanor\u00ebt e zon\u00ebs flasin p\u00ebr nj\u00eb miq\u00ebsi t\u00eb vjet\u00ebr q\u00eb u shnd\u00ebrrua n\u00eb armiq\u00ebsi.<br \/>\n<strong>\u201cDikur ishin shum\u00eb miq, por prej m\u00eb shum\u00eb se nj\u00eb viti kishte tension mes tyre. Kishte z\u00ebnka, madje thuhej se t\u00eb dy ishin t\u00eb armatosur\u201d<\/strong>, kan\u00eb deklaruar banor\u00eb lokal\u00eb p\u00ebr mediat greke.<\/p>\n<p>Viktima, Kostas Alexandris, p\u00ebrshkruhet si nj\u00eb njeri familjar, q\u00eb kujdesej p\u00ebr n\u00ebn\u00ebn dhe v\u00ebllan\u00eb e tij, i cili kishte probleme sh\u00ebndet\u00ebsore.<\/p>\n<p><strong>Hetimet vijojn\u00eb<\/strong><br \/>\nAutori i arrestuar \u00ebsht\u00eb d\u00ebrguar n\u00eb Departamentin e Hetimit Penal t\u00eb Mesolongjit, nd\u00ebrsa \u00e7\u00ebshtja do t\u2019i kaloj\u00eb Prokuroris\u00eb s\u00eb Aetolia-Akarnania-s. Hetimet jan\u00eb n\u00eb vazhdim p\u00ebr t\u00eb zbardhur plot\u00ebsisht rrethanat dhe motivet e krimit.<\/p>\n","protected":false},"excerpt":{"rendered":"<p>Nj\u00eb krim i r\u00ebnd\u00eb ka tronditur Greqin\u00eb, ku m\u00ebngjesin e s\u00eb shtun\u00ebs, m\u00eb 17 janar, kryeplaku 51-vje\u00e7ar i komunitetit Lithovunit u vra me arm\u00eb zjarri. Autor i dyshuar i krimit \u00ebsht\u00eb nj\u00eb shtetas shqiptar 44-vje\u00e7ar, i cili pas ngjarjes u vet\u00ebdor\u00ebzua n\u00eb polici. Sipas mediave greke dhe burimeve zyrtare, viktima dhe autori ishin miq prej [&hellip;]<\/p>\n","protected":false},"author":5,"featured_media":94853,"comment_status":"closed","ping_status":"closed","sticky":false,"template":"","format":"standard","meta":{"footnotes":""},"categories":[1,6332],"tags":[39751,39750,37809],"class_list":{"0":"post-94852","1":"post","2":"type-post","3":"status-publish","4":"format-standard","5":"has-post-thumbnail","7":"category-aktualitet","8":"category-te-fundit","9":"tag-do-me-vriste-ai","10":"tag-flet-autori-shqiptar-nese-se-beja-une","11":"tag-vrasja-ne-greqi"},"_links":{"self":[{"href":"https:\/\/jugulajm.net\/index.php?rest_route=\/wp\/v2\/posts\/94852","targetHints":{"allow":["GET"]}}],"collection":[{"href":"https:\/\/jugulajm.net\/index.php?rest_route=\/wp\/v2\/posts"}],"about":[{"href":"https:\/\/jugulajm.net\/index.php?rest_route=\/wp\/v2\/types\/post"}],"author":[{"embeddable":true,"href":"https:\/\/jugulajm.net\/index.php?rest_route=\/wp\/v2\/users\/5"}],"replies":[{"embeddable":true,"href":"https:\/\/jugulajm.net\/index.php?rest_route=%2Fwp%2Fv2%2Fcomments&post=94852"}],"version-history":[{"count":1,"href":"https:\/\/jugulajm.net\/index.php?rest_route=\/wp\/v2\/posts\/94852\/revisions"}],"predecessor-version":[{"id":94854,"href":"https:\/\/jugulajm.net\/index.php?rest_route=\/wp\/v2\/posts\/94852\/revisions\/94854"}],"wp:featuredmedia":[{"embeddable":true,"href":"https:\/\/jugulajm.net\/index.php?rest_route=\/wp\/v2\/media\/94853"}],"wp:attachment":[{"href":"https:\/\/jugulajm.net\/index.php?rest_route=%2Fwp%2Fv2%2Fmedia&parent=94852"}],"wp:term":[{"taxonomy":"category","embeddable":true,"href":"https:\/\/jugulajm.net\/index.php?rest_route=%2Fwp%2Fv2%2Fcategories&post=94852"},{"taxonomy":"post_tag","embeddable":true,"href":"https:\/\/jugulajm.net\/index.php?rest_route=%2Fwp%2Fv2%2Ftags&post=94852"}],"curies":[{"name":"wp","href":"https:\/\/api.w.org\/{rel}","templated":true}]}}