{"id":94845,"date":"2026-01-17T18:39:46","date_gmt":"2026-01-17T17:39:46","guid":{"rendered":"https:\/\/jugulajm.net\/?p=94845"},"modified":"2026-01-17T18:39:46","modified_gmt":"2026-01-17T17:39:46","slug":"presidenti-trump-fton-kryeministrin-rama-ne-bordit-e-paqes-kryeministri-i-nderuar-per-ftesen-krenar-per-shqiperine","status":"publish","type":"post","link":"https:\/\/jugulajm.net\/?p=94845","title":{"rendered":"Presidenti Trump fton kryeministrin Rama n\u00eb Bordit e Paqes, kryeministri: I nderuar p\u00ebr ftes\u00ebn, krenar p\u00ebr Shqip\u00ebrin\u00eb"},"content":{"rendered":"<p>Kryeministri Edi Rama ka b\u00ebr\u00eb me dije n\u00eb rrjetet e tij sociale se \u00ebsht\u00eb ftuar nga presidenti amerikan Donald Trump p\u00ebr t\u2019u b\u00ebr\u00eb pjes\u00eb e Bordit t\u00eb Paqes, nj\u00eb struktur\u00eb e cila do t\u00eb qeveris\u00eb Rripin e Gaz\u00ebs pas p\u00ebrfundimit t\u00eb luft\u00ebs.<\/p>\n<p>Kreu i qeveris\u00eb thot\u00eb se Shqip\u00ebria do t\u00eb ket\u00eb statusin e an\u00ebtarit themelues t\u00eb k\u00ebsaj organizate, nd\u00ebrsa shpreh nderimin e madh q\u00eb po i b\u00ebhet atij dhe vendit me k\u00ebt\u00eb propozim t\u00eb Trump.<\/p>\n<p><strong>Postimi i plot\u00eb i Ram\u00ebs:<\/strong><\/p>\n<p>Shum\u00eb i nderuar nga ftesa personale e Presidentit Trump, p\u00ebr ta p\u00ebrfaq\u00ebsuar Shqip\u00ebrin\u00eb n\u00eb Bordin e Paqes, nj\u00eb organizat\u00eb e re nd\u00ebrkomb\u00ebtare e ideuar prej tij, ku Shqip\u00ebria ftohet si an\u00ebtar themelues, duke ngjitur k\u00ebshtu nd\u00ebrkomb\u00ebtarisht nj\u00eb tjet\u00ebr maj\u00eb krejt t\u00eb paimagjinueshme vet\u00ebm deri pak vite m\u00eb par\u00eb.<\/p>\n<p>Nuk mund t\u00eb jem dot m\u00eb krenar p\u00ebr Shqip\u00ebrin\u00eb, p\u00ebr gjith\u00e7ka kemi b\u00ebr\u00eb n\u00eb k\u00ebto vite duke e kthyer n\u00eb nj\u00eb Shqip\u00ebri tjet\u00ebr, t\u00eb dinjitetshme e t\u00eb respektuar bot\u00ebrisht si asnj\u00ebher\u00eb, e padiskutim edhe p\u00ebr nivelin ku e kemi ngritur marr\u00ebdh\u00ebnien e partneritetit ton\u00eb strategjik me Shtetet e Bashkuara t\u00eb Amerik\u00ebs, duke u ftuar me nj\u00eb respekt e vler\u00ebsim krejt t\u00eb posa\u00e7\u00ebm nga Presidenti Donald J. Trump, p\u00ebr t\u2019u b\u00ebr\u00eb pjes\u00eb e nj\u00eb bordi nd\u00ebrkomb\u00ebtar t\u00eb krijuar e kryesuar prej atij vet\u00eb dhe p\u00ebr t\u00eb punuar s\u00eb bashku me t\u00eb.<\/p>\n","protected":false},"excerpt":{"rendered":"<p>Kryeministri Edi Rama ka b\u00ebr\u00eb me dije n\u00eb rrjetet e tij sociale se \u00ebsht\u00eb ftuar nga presidenti amerikan Donald Trump p\u00ebr t\u2019u b\u00ebr\u00eb pjes\u00eb e Bordit t\u00eb Paqes, nj\u00eb struktur\u00eb e cila do t\u00eb qeveris\u00eb Rripin e Gaz\u00ebs pas p\u00ebrfundimit t\u00eb luft\u00ebs. Kreu i qeveris\u00eb thot\u00eb se Shqip\u00ebria do t\u00eb ket\u00eb statusin e an\u00ebtarit themelues [&hellip;]<\/p>\n","protected":false},"author":5,"featured_media":94846,"comment_status":"closed","ping_status":"closed","sticky":false,"template":"","format":"standard","meta":{"footnotes":""},"categories":[7664,6326,6332],"tags":[39747,39746,39745],"class_list":{"0":"post-94845","1":"post","2":"type-post","3":"status-publish","4":"format-standard","5":"has-post-thumbnail","7":"category-bota","8":"category-politike","9":"category-te-fundit","10":"tag-krenar-per-shqiperine","11":"tag-kryeministri-i-nderuar-per-ftesen","12":"tag-presidenti-trump-fton-kryeministrin-rama-ne-bordit-e-paqes"},"_links":{"self":[{"href":"https:\/\/jugulajm.net\/index.php?rest_route=\/wp\/v2\/posts\/94845","targetHints":{"allow":["GET"]}}],"collection":[{"href":"https:\/\/jugulajm.net\/index.php?rest_route=\/wp\/v2\/posts"}],"about":[{"href":"https:\/\/jugulajm.net\/index.php?rest_route=\/wp\/v2\/types\/post"}],"author":[{"embeddable":true,"href":"https:\/\/jugulajm.net\/index.php?rest_route=\/wp\/v2\/users\/5"}],"replies":[{"embeddable":true,"href":"https:\/\/jugulajm.net\/index.php?rest_route=%2Fwp%2Fv2%2Fcomments&post=94845"}],"version-history":[{"count":1,"href":"https:\/\/jugulajm.net\/index.php?rest_route=\/wp\/v2\/posts\/94845\/revisions"}],"predecessor-version":[{"id":94847,"href":"https:\/\/jugulajm.net\/index.php?rest_route=\/wp\/v2\/posts\/94845\/revisions\/94847"}],"wp:featuredmedia":[{"embeddable":true,"href":"https:\/\/jugulajm.net\/index.php?rest_route=\/wp\/v2\/media\/94846"}],"wp:attachment":[{"href":"https:\/\/jugulajm.net\/index.php?rest_route=%2Fwp%2Fv2%2Fmedia&parent=94845"}],"wp:term":[{"taxonomy":"category","embeddable":true,"href":"https:\/\/jugulajm.net\/index.php?rest_route=%2Fwp%2Fv2%2Fcategories&post=94845"},{"taxonomy":"post_tag","embeddable":true,"href":"https:\/\/jugulajm.net\/index.php?rest_route=%2Fwp%2Fv2%2Ftags&post=94845"}],"curies":[{"name":"wp","href":"https:\/\/api.w.org\/{rel}","templated":true}]}}