{"id":94839,"date":"2026-01-17T14:35:25","date_gmt":"2026-01-17T13:35:25","guid":{"rendered":"https:\/\/jugulajm.net\/?p=94839"},"modified":"2026-01-17T14:35:25","modified_gmt":"2026-01-17T13:35:25","slug":"ushqimet-rama-pa-standarde-produktet-sdo-konsumohen-as-brenda-vendit","status":"publish","type":"post","link":"https:\/\/jugulajm.net\/?p=94839","title":{"rendered":"Ushqimet, Rama: Pa standarde produktet s\u2019do konsumohen as brenda vendit"},"content":{"rendered":"<div id=\"mvp-search-wrap\">\n<div id=\"mvp-search-box\">\n<form id=\"searchform\" action=\"https:\/\/ntv.al\/\" method=\"get\">Kryeministri Edi Rama ka paralajm\u00ebruar se mjedisi dhe siguria ushqimore p\u00ebrb\u00ebjn\u00eb dy nga sfidat m\u00eb t\u00eb r\u00ebnda n\u00eb procesin e integrimit t\u00eb Shqip\u00ebris\u00eb n\u00eb Bashkimin Europian, duke theksuar se mosplot\u00ebsimi i standardeve europiane do t\u00eb ket\u00eb pasoja serioze edhe p\u00ebr tregun e brendsh\u00ebm.<\/form>\n<\/div>\n<\/div>\n<div id=\"mvp-site-wall\" class=\"left relative\">\n<div id=\"mvp-site-main\" class=\"left relative\">\n<div id=\"mvp-main-body-wrap\" class=\"left relative\">\n<article id=\"mvp-article-wrap\">\n<div id=\"mvp-article-cont\" class=\"left relative\">\n<div class=\"mvp-main-box\">\n<div id=\"mvp-post-main\" class=\"left relative\">\n<div class=\"mvp-post-main-out left relative\">\n<div class=\"mvp-post-main-in\">\n<div id=\"mvp-post-content\" class=\"left relative\">\n<div id=\"mvp-content-wrap\" class=\"left relative\">\n<div class=\"mvp-post-soc-out right relative\">\n<div class=\"mvp-post-soc-in\">\n<div id=\"mvp-content-body\" class=\"left relative\">\n<div id=\"mvp-content-body-top\" class=\"left relative\">\n<div id=\"mvp-content-main\" class=\"left relative\">\n<p>Gjat\u00eb nj\u00eb diskutimi mbi negociatat me BE-n\u00eb, Rama u shpreh se n\u00ebse pas viteve t\u00eb periudhave tranzitore Shqip\u00ebria nuk arrin t\u00eb p\u00ebrmbush\u00eb kriteret e k\u00ebrkuara, produktet ushqimore t\u00eb prodhuara n\u00eb vend nuk do t\u00eb mund t\u00eb konsumohen as brenda territorit shqiptar.<\/p>\n<p>\u201cLidhur me negociatat, at\u00eb q\u00eb kemi diskutuar edhe n\u00eb mbledhjen maraton\u00eb t\u00eb qeveris\u00eb dhe grupit dje, dua ta prek k\u00ebtu dhe me ju sepse kam shqet\u00ebsimin q\u00eb jo t\u00eb gjith\u00eb n\u00eb nivelin udh\u00ebheq\u00ebs e kan\u00eb iden\u00eb mjaftuesh\u00ebm t\u00eb sfidave q\u00eb na presin me hyrjen e Shqip\u00ebris\u00eb n\u00eb BE. Disa nga sfidat jan\u00eb jasht\u00ebzakonisht komplekse dhe t\u00eb renda. BE ka mekanizm\u00eb periudha tranzitore. Sfida m\u00eb e r\u00ebnd\u00eb me t\u00eb cilat jan\u00eb p\u00ebrballur edhe vendet e tjera p\u00ebrpara nesh, Kroacia psh ka marr\u00eb 10 vite periudh\u00eb tranzitore dhe pse nuk ka pasur problematika sa ne, \u00ebsht\u00eb mjedisi.<br \/>\nN\u00ebse gjith\u00e7ka ec\u00ebn sipas planit, do t\u00eb kemi 10 vite koh\u00eb periudh\u00eb tranzitore.<br \/>\nNj\u00eb tjet\u00ebr sfid\u00eb e r\u00ebnd\u00eb, ku ne po p\u00ebrpiqemi t\u00eb marrim 5 vite, \u00ebsht\u00eb siguria ushqimore. Kjo do t\u00eb thot\u00eb q\u00eb n\u00eb 5vite t\u00eb mos jemi n\u00eb gjendje t\u00eb eksportojm\u00eb por mund t\u00eb konsumojm\u00eb vet\u00eb, dhe pas periudh\u00ebs tranzitore nuk mund t\u00eb konsumosh as vete ato q\u00eb prodhohen n\u00ebse nuk jan\u00eb n\u00eb stadarte sepse nuk je treg n\u00eb vete\u201d, tha ai.<\/p>\n<\/div>\n<\/div>\n<\/div>\n<\/div>\n<\/div>\n<\/div>\n<\/div>\n<\/div>\n<\/div>\n<\/div>\n<\/div>\n<\/div>\n<\/article>\n<\/div>\n<\/div>\n<\/div>\n","protected":false},"excerpt":{"rendered":"<p>Kryeministri Edi Rama ka paralajm\u00ebruar se mjedisi dhe siguria ushqimore p\u00ebrb\u00ebjn\u00eb dy nga sfidat m\u00eb t\u00eb r\u00ebnda n\u00eb procesin e integrimit t\u00eb Shqip\u00ebris\u00eb n\u00eb Bashkimin Europian, duke theksuar se mosplot\u00ebsimi i standardeve europiane do t\u00eb ket\u00eb pasoja serioze edhe p\u00ebr tregun e brendsh\u00ebm. Gjat\u00eb nj\u00eb diskutimi mbi negociatat me BE-n\u00eb, Rama u shpreh se n\u00ebse [&hellip;]<\/p>\n","protected":false},"author":5,"featured_media":89319,"comment_status":"closed","ping_status":"closed","sticky":false,"template":"","format":"standard","meta":{"footnotes":""},"categories":[6326,6332],"tags":[39742],"class_list":{"0":"post-94839","1":"post","2":"type-post","3":"status-publish","4":"format-standard","5":"has-post-thumbnail","7":"category-politike","8":"category-te-fundit","9":"tag-rama-pa-standarde-produktet-sdo-konsumohen-as-brenda-vendit"},"_links":{"self":[{"href":"https:\/\/jugulajm.net\/index.php?rest_route=\/wp\/v2\/posts\/94839","targetHints":{"allow":["GET"]}}],"collection":[{"href":"https:\/\/jugulajm.net\/index.php?rest_route=\/wp\/v2\/posts"}],"about":[{"href":"https:\/\/jugulajm.net\/index.php?rest_route=\/wp\/v2\/types\/post"}],"author":[{"embeddable":true,"href":"https:\/\/jugulajm.net\/index.php?rest_route=\/wp\/v2\/users\/5"}],"replies":[{"embeddable":true,"href":"https:\/\/jugulajm.net\/index.php?rest_route=%2Fwp%2Fv2%2Fcomments&post=94839"}],"version-history":[{"count":1,"href":"https:\/\/jugulajm.net\/index.php?rest_route=\/wp\/v2\/posts\/94839\/revisions"}],"predecessor-version":[{"id":94840,"href":"https:\/\/jugulajm.net\/index.php?rest_route=\/wp\/v2\/posts\/94839\/revisions\/94840"}],"wp:featuredmedia":[{"embeddable":true,"href":"https:\/\/jugulajm.net\/index.php?rest_route=\/wp\/v2\/media\/89319"}],"wp:attachment":[{"href":"https:\/\/jugulajm.net\/index.php?rest_route=%2Fwp%2Fv2%2Fmedia&parent=94839"}],"wp:term":[{"taxonomy":"category","embeddable":true,"href":"https:\/\/jugulajm.net\/index.php?rest_route=%2Fwp%2Fv2%2Fcategories&post=94839"},{"taxonomy":"post_tag","embeddable":true,"href":"https:\/\/jugulajm.net\/index.php?rest_route=%2Fwp%2Fv2%2Ftags&post=94839"}],"curies":[{"name":"wp","href":"https:\/\/api.w.org\/{rel}","templated":true}]}}