{"id":94805,"date":"2026-01-15T17:19:47","date_gmt":"2026-01-15T16:19:47","guid":{"rendered":"https:\/\/jugulajm.net\/?p=94805"},"modified":"2026-01-15T17:19:47","modified_gmt":"2026-01-15T16:19:47","slug":"policia-hap-garen-per-drejtor-policie-dhe-shef-komisariati-ne-disa-qytete-ja-ne-cilat","status":"publish","type":"post","link":"https:\/\/jugulajm.net\/?p=94805","title":{"rendered":"Policia hap gar\u00ebn p\u00ebr drejtor policie dhe shef komisariati n\u00eb disa qytete, ja n\u00eb cilat&#8230;"},"content":{"rendered":"<p>Policia e Shtetit ka shpallur thirrjet p\u00ebr konkurrim p\u00ebr disa pozicione drejtuese.<\/p>\n<p>N\u00eb zbatim t\u00eb urdhrave t\u00eb Drejtorit t\u00eb P\u00ebrgjithsh\u00ebm t\u00eb Policis\u00eb s\u00eb Shtetit, konkurset jan\u00eb hapur p\u00ebr pozicionet \u201cDrejtor Vendor i Policis\u00eb\u201d dhe \u201cShef Komisariati\u201d, me q\u00ebllim p\u00ebrzgjedhjen e kandidat\u00ebve q\u00eb shfaqin aft\u00ebsi drejtuese, rezultate t\u00eb larta n\u00eb pun\u00eb, integritet moral dhe profesional.<\/p>\n<p data-start=\"637\" data-end=\"1036\">Konkretisht, \u00ebsht\u00eb shpallur konkurrimi p\u00ebr pozicionin e Drejtorit t\u00eb Drejtoris\u00eb Vendore t\u00eb Policis\u00eb Durr\u00ebs, si dhe p\u00ebr Drejtorin e Drejtoris\u00eb Vendore t\u00eb Policis\u00eb Lezh\u00eb.<\/p>\n<p>Nd\u00ebrkoh\u00eb, Policia e Shtetit ka hapur edhe konkurset p\u00ebr pozicionin Shef Komisariati n\u00eb disa nj\u00ebsi vendore. Konkretisht, b\u00ebhet fjal\u00eb p\u00ebr Komisariatin e Policis\u00eb Fier dhe Lushnj\u00eb, n\u00eb var\u00ebsi t\u00eb DVP Fier, Komisariatin e Policis\u00eb Kavaj\u00eb n\u00eb DVP Durr\u00ebs, Komisariatin e Policis\u00eb Kolonj\u00eb n\u00eb DVP Kor\u00e7\u00eb, si dhe komisariatet e Policis\u00eb Mat dhe Bulqiz\u00eb n\u00eb DVP Dib\u00ebr.<\/p>\n<p>K\u00ebto pozicione jan\u00eb shpallur t\u00eb lira p\u00ebr shkak t\u00eb transferimeve t\u00eb drejtuesve aktual\u00eb n\u00eb detyra t\u00eb tjera apo nd\u00ebrprerjes s\u00eb marr\u00ebdh\u00ebnieve t\u00eb pun\u00ebs.<\/p>\n<p><strong>NJOFTIMI:<\/strong><\/p>\n<p><em>Me q\u00ebllim zhvillimin e nj\u00eb procesi vler\u00ebsimi objektiv, transparent dhe gjith\u00ebp\u00ebrfshir\u00ebs, nxitjen e konkurrenc\u00ebs profesionale dhe drejtuese n\u00eb p\u00ebrzgjedhjen e kandidat\u00ebve q\u00eb shfaqin aft\u00ebsi, rezultate t\u00eb larta, integritet moral dhe profesional, si dhe promovimin n\u00eb detyr\u00eb t\u00eb punonj\u00ebsve t\u00eb Policis\u00eb, n\u00eb zbatim t\u00eb urdhrave t\u00eb Drejtorit t\u00eb P\u00ebrgjithsh\u00ebm t\u00eb Policis\u00eb s\u00eb Shtetit, shpallen thirrjet p\u00ebr konkurrim p\u00ebr pozicionin \u201cDrejtor Vendor i Policis\u00eb n\u00eb Policin\u00eb e Shtetit\u201d dhe p\u00ebr pozicionin \u201cShef Komisariati\u201d, p\u00ebr plot\u00ebsimin e funksioneve organike, si m\u00eb posht\u00eb vijon:<\/em><\/p>\n<p><em>Drejtor, n\u00eb Drejtorin\u00eb Vendore t\u00eb Policis\u00eb Durr\u00ebs, p\u00ebr shkak t\u00eb transferimit dhe em\u00ebrimit Drejtor n\u00eb nj\u00eb tjet\u00ebr DVP t\u00eb punonj\u00ebsit t\u00eb Policis\u00eb, t\u00eb p\u00ebrzgjedhur p\u00ebr k\u00ebt\u00eb funksion me proces konkurrimi;<\/em><\/p>\n<p><em>Drejtor, n\u00eb Drejtorin\u00eb Vendore t\u00eb Policis\u00eb Lezh\u00eb, p\u00ebr shkak t\u00eb shkarkimit nga detyra t\u00eb punonj\u00ebsit t\u00eb Policis\u00eb, t\u00eb p\u00ebrzgjedhur p\u00ebr k\u00ebt\u00eb funksion me proces konkurrimi.<\/em><\/p>\n<p><em>Faza e aplikimeve: deri m\u00eb dat\u00eb 22.01.2026.<\/em><\/p>\n<p><em>Shef, n\u00eb Komisariatin e Policis\u00eb Fier, n\u00eb Drejtorin\u00eb Vendore t\u00eb Policis\u00eb Fier, p\u00ebr shkak se shefi i komisariatit i p\u00ebrzgjedhur me konkurrim, me k\u00ebrkes\u00eb t\u00eb tij \u00ebsht\u00eb transferuar n\u00eb nj\u00eb detyr\u00eb tjet\u00ebr;<\/em><\/p>\n<p><em>Shef, n\u00eb Komisariatin e Policis\u00eb Lushnj\u00eb, n\u00eb Drejtorin\u00eb Vendore t\u00eb Policis\u00eb Fier, p\u00ebr shkak se shefi i komisariatit i p\u00ebrzgjedhur me konkurrim, me k\u00ebrkes\u00eb t\u00eb tij \u00ebsht\u00eb\u00a0 transferuar n\u00eb nj\u00eb detyr\u00eb tjet\u00ebr;<\/em><\/p>\n<p><em>Shef, n\u00eb Komisariatin e Policis\u00eb Kavaj\u00eb, n\u00eb Drejtorin\u00eb Vendore t\u00eb Policis\u00eb Durr\u00ebs, p\u00ebr shkak se shefi i komisariatit i p\u00ebrzgjedhur me konkurrim, me k\u00ebrkes\u00eb t\u00eb tij \u00ebsht\u00eb\u00a0 transferuar n\u00eb nj\u00eb detyr\u00eb tjet\u00ebr;<\/em><\/p>\n<p><em>Shef, n\u00eb Komisariatin e Policis\u00eb Kolonj\u00eb, n\u00eb Drejtorin\u00eb Vendore t\u00eb Policis\u00eb Kor\u00e7\u00eb, p\u00ebr shkak t\u00eb nd\u00ebrprerjes s\u00eb marr\u00ebdh\u00ebnieve t\u00eb pun\u00ebs n\u00eb Policin\u00eb e Shtetit dhe transferimit n\u00eb struktura t\u00eb tjera shtet\u00ebrore;<\/em><\/p>\n<p><em>Shef, n\u00eb Komisariatin e Policis\u00eb Mat, n\u00eb Drejtorin\u00eb Vendore t\u00eb Policis\u00eb Dib\u00ebr, p\u00ebr shkak se shefi i komisariatit i p\u00ebrzgjedhur me konkurrim, me k\u00ebrkes\u00eb t\u00eb tij \u00ebsht\u00eb\u00a0 transferuar n\u00eb nj\u00eb detyr\u00eb tjet\u00ebr;<\/em><\/p>\n<p><em>Shef, n\u00eb Komisariatin e Policis\u00eb Bulqiz\u00eb, n\u00eb Drejtorin\u00eb Vendore t\u00eb Policis\u00eb Dib\u00ebr, p\u00ebr shkak se shefi i komisariatit i p\u00ebrzgjedhur me konkurrim, me k\u00ebrkes\u00eb t\u00eb tij\u00a0 \u00ebsht\u00eb\u00a0 transferuar n\u00eb nj\u00eb detyr\u00eb tjet\u00ebr;<\/em><\/p>\n<p><em>Faza e aplikimeve: deri m\u00eb dat\u00eb 23.01.2026.<\/em><\/p>\n<p><em>Procesi i konkurrimit do t\u00eb zhvillohet n\u00eb p\u00ebrputhje t\u00eb plot\u00eb me legjislacionin n\u00eb fuqi, mbi parimet e transparenc\u00ebs, barazis\u00eb s\u00eb mund\u00ebsive dhe meritokracis\u00eb, duke garantuar nj\u00eb vler\u00ebsim objektiv dhe t\u00eb paansh\u00ebm t\u00eb t\u00eb gjith\u00eb kandidat\u00ebve pjes\u00ebmarr\u00ebs.<\/em><\/p>\n","protected":false},"excerpt":{"rendered":"<p>Policia e Shtetit ka shpallur thirrjet p\u00ebr konkurrim p\u00ebr disa pozicione drejtuese. N\u00eb zbatim t\u00eb urdhrave t\u00eb Drejtorit t\u00eb P\u00ebrgjithsh\u00ebm t\u00eb Policis\u00eb s\u00eb Shtetit, konkurset jan\u00eb hapur p\u00ebr pozicionet \u201cDrejtor Vendor i Policis\u00eb\u201d dhe \u201cShef Komisariati\u201d, me q\u00ebllim p\u00ebrzgjedhjen e kandidat\u00ebve q\u00eb shfaqin aft\u00ebsi drejtuese, rezultate t\u00eb larta n\u00eb pun\u00eb, integritet moral dhe profesional. Konkretisht, [&hellip;]<\/p>\n","protected":false},"author":5,"featured_media":51977,"comment_status":"closed","ping_status":"closed","sticky":false,"template":"","format":"standard","meta":{"footnotes":""},"categories":[1,6332],"tags":[39725],"class_list":{"0":"post-94805","1":"post","2":"type-post","3":"status-publish","4":"format-standard","5":"has-post-thumbnail","7":"category-aktualitet","8":"category-te-fundit","9":"tag-policia-e-shtetit-hap-garen-per-drejtor-policie-dhe-shef-komisariati-ne-disa-qytete"},"_links":{"self":[{"href":"https:\/\/jugulajm.net\/index.php?rest_route=\/wp\/v2\/posts\/94805","targetHints":{"allow":["GET"]}}],"collection":[{"href":"https:\/\/jugulajm.net\/index.php?rest_route=\/wp\/v2\/posts"}],"about":[{"href":"https:\/\/jugulajm.net\/index.php?rest_route=\/wp\/v2\/types\/post"}],"author":[{"embeddable":true,"href":"https:\/\/jugulajm.net\/index.php?rest_route=\/wp\/v2\/users\/5"}],"replies":[{"embeddable":true,"href":"https:\/\/jugulajm.net\/index.php?rest_route=%2Fwp%2Fv2%2Fcomments&post=94805"}],"version-history":[{"count":1,"href":"https:\/\/jugulajm.net\/index.php?rest_route=\/wp\/v2\/posts\/94805\/revisions"}],"predecessor-version":[{"id":94806,"href":"https:\/\/jugulajm.net\/index.php?rest_route=\/wp\/v2\/posts\/94805\/revisions\/94806"}],"wp:featuredmedia":[{"embeddable":true,"href":"https:\/\/jugulajm.net\/index.php?rest_route=\/wp\/v2\/media\/51977"}],"wp:attachment":[{"href":"https:\/\/jugulajm.net\/index.php?rest_route=%2Fwp%2Fv2%2Fmedia&parent=94805"}],"wp:term":[{"taxonomy":"category","embeddable":true,"href":"https:\/\/jugulajm.net\/index.php?rest_route=%2Fwp%2Fv2%2Fcategories&post=94805"},{"taxonomy":"post_tag","embeddable":true,"href":"https:\/\/jugulajm.net\/index.php?rest_route=%2Fwp%2Fv2%2Ftags&post=94805"}],"curies":[{"name":"wp","href":"https:\/\/api.w.org\/{rel}","templated":true}]}}