{"id":94802,"date":"2026-01-15T16:29:08","date_gmt":"2026-01-15T15:29:08","guid":{"rendered":"https:\/\/jugulajm.net\/?p=94802"},"modified":"2026-01-15T16:29:08","modified_gmt":"2026-01-15T15:29:08","slug":"apeli-liroi-3-te-akuzuarit-per-vrasjen-e-martin-cecos-babai-i-tij-djali-iku-pa-faj-do-marr-hak","status":"publish","type":"post","link":"https:\/\/jugulajm.net\/?p=94802","title":{"rendered":"Apeli liroi 3 t\u00eb akuzuarit p\u00ebr vrasjen e Martin \u00c7e\u00e7os, babai i tij: Djali iku pa faj, do marr hak&#8230;"},"content":{"rendered":"<p>Gjykata e Apelit n\u00eb Tiran\u00eb ka ndryshuar mas\u00ebn e siguris\u00eb nga \u201carrest n\u00eb burg\u201d n\u00eb \u201carrest sht\u00ebpie \u201cp\u00ebr tre autor\u00ebt e dyshuar t\u00eb vrasjes s\u00eb Martin \u00c7e\u00e7os. Babi i t\u00eb ndjerit, Nevzat \u00c7e\u00e7o i revoltuar, i prekur dhe me lot n\u00eb sy tha se djali i iku pa asnj\u00eb faj, teksa k\u00ebrkon q\u00eb drejt\u00ebsia t\u00eb vihet n\u00eb vend.<\/p>\n<p>\u201cS\u2019kam \u00e7far\u00eb t\u00eb them m\u00eb.\u00a0 Djali m\u00eb iku pa asnj\u00eb faj.\u00a0 Un\u00eb do ta ndjek q\u00eb nes\u00ebr.\u00a0 Do ti p\u00ebrv\u00ebloj ata me benzin\u00eb do ti p\u00ebrv\u00ebloj nuk i le. Arrest sht\u00ebpie lirim jan\u00eb ato. Mua nuk m\u00eb dhimbset jeta fare po nuk i zhduka ata.\u00a0 Nuk i le do ta them tro\u00e7 le z\u00eb m\u00eb arrestojn\u00eb \u00e7\u2019t\u00eb duan le t\u00eb b\u00ebjn\u00eb, do t\u2019ia gjej radh\u00ebn do gjej nj\u00eb bidon me benzin\u00eb do ti p\u00ebrv\u00ebloj si familje. Ata jan\u00eb autor\u00ebt e kan\u00eb th\u00ebn\u00eb le goj\u00ebn e tyre vet\u00eb dhe tani ti lirojn\u00eb.\u00a0 Djali nuk pati as takime me \u00e7up\u00ebn asgj\u00eb, dy dashnor\u00eb i kishte pse nuk b\u00ebri krim n\u00ebnata por b\u00ebri n\u00eb djali tim. Ata kan\u00eb mbjell\u00eb drog\u00eb atje lart dhe p\u00ebr t\u00eb zhdukur djalin tim kishin dal\u00eb n\u00eb Maliq dy veta.\u00a0 E hape goj\u00ebn do t\u00eb zhdukin i kishin th\u00ebn\u00eb.\u00a0 Djali im s\u2019kishte faj.\u00a0 Nuk besoj m\u00eb n\u00eb drejt\u00ebsia, i d\u00ebnoi 25 vjet ja dhan\u00eb Tiran\u00ebs than\u00eb ky krim d\u00ebnohet me burgim t\u00eb p\u00ebrhetsh\u00ebm, k\u00ebta tani i liruan fare.\u00a0 Ka mbi 3 vjet skam \u00e7them m\u00eb un\u00eb do ti djeg dhe do ti them djalit e realizova planin t\u00ebnd.\u00a0 Nuk dua t\u00eb jetoj m\u00eb dhe nuk e b\u00ebj veten t\u00eb m\u00eb arrestojn\u00eb do vras veten n\u00eb mes t\u00eb gjyqit atje\u201d, tha Nevruz \u00c7e\u00e7o, babai i Martin \u00c7e\u00e7os.<\/p>\n<p>Lidhur me ngjarjen, rikujtojm\u00eb se 26 vje\u00e7ari Martin \u00c7e\u00e7o u vra dhe m\u00eb pas u hodh n\u00eb rezervuarin e fshatit Kolanec t\u00eb Maliqit n\u00eb qershor t\u00eb vitit 2022. T\u00eb tre u arrestuan pas d\u00ebshmis\u00eb s\u00eb Tina Pajollarit, e cila vijon t\u00eb jet\u00eb n\u00eb burg lidhur me ngjarjen. Kjo e fundit u arrestua m\u00eb von\u00eb pasi dyshohet se ka qen\u00eb e pranishme n\u00eb momentin e vrasjes.<\/p>\n","protected":false},"excerpt":{"rendered":"<p>Gjykata e Apelit n\u00eb Tiran\u00eb ka ndryshuar mas\u00ebn e siguris\u00eb nga \u201carrest n\u00eb burg\u201d n\u00eb \u201carrest sht\u00ebpie \u201cp\u00ebr tre autor\u00ebt e dyshuar t\u00eb vrasjes s\u00eb Martin \u00c7e\u00e7os. Babi i t\u00eb ndjerit, Nevzat \u00c7e\u00e7o i revoltuar, i prekur dhe me lot n\u00eb sy tha se djali i iku pa asnj\u00eb faj, teksa k\u00ebrkon q\u00eb drejt\u00ebsia t\u00eb [&hellip;]<\/p>\n","protected":false},"author":5,"featured_media":94803,"comment_status":"closed","ping_status":"closed","sticky":false,"template":"","format":"standard","meta":{"footnotes":""},"categories":[1,6332],"tags":[39722,39723,39724],"class_list":{"0":"post-94802","1":"post","2":"type-post","3":"status-publish","4":"format-standard","5":"has-post-thumbnail","7":"category-aktualitet","8":"category-te-fundit","9":"tag-apeli-liroi-3-te-akuzuarit-per-vrasjen-e-martin-cecos","10":"tag-babai-i-tij-djali-iku-pa-faj","11":"tag-do-marr-hak"},"_links":{"self":[{"href":"https:\/\/jugulajm.net\/index.php?rest_route=\/wp\/v2\/posts\/94802","targetHints":{"allow":["GET"]}}],"collection":[{"href":"https:\/\/jugulajm.net\/index.php?rest_route=\/wp\/v2\/posts"}],"about":[{"href":"https:\/\/jugulajm.net\/index.php?rest_route=\/wp\/v2\/types\/post"}],"author":[{"embeddable":true,"href":"https:\/\/jugulajm.net\/index.php?rest_route=\/wp\/v2\/users\/5"}],"replies":[{"embeddable":true,"href":"https:\/\/jugulajm.net\/index.php?rest_route=%2Fwp%2Fv2%2Fcomments&post=94802"}],"version-history":[{"count":1,"href":"https:\/\/jugulajm.net\/index.php?rest_route=\/wp\/v2\/posts\/94802\/revisions"}],"predecessor-version":[{"id":94804,"href":"https:\/\/jugulajm.net\/index.php?rest_route=\/wp\/v2\/posts\/94802\/revisions\/94804"}],"wp:featuredmedia":[{"embeddable":true,"href":"https:\/\/jugulajm.net\/index.php?rest_route=\/wp\/v2\/media\/94803"}],"wp:attachment":[{"href":"https:\/\/jugulajm.net\/index.php?rest_route=%2Fwp%2Fv2%2Fmedia&parent=94802"}],"wp:term":[{"taxonomy":"category","embeddable":true,"href":"https:\/\/jugulajm.net\/index.php?rest_route=%2Fwp%2Fv2%2Fcategories&post=94802"},{"taxonomy":"post_tag","embeddable":true,"href":"https:\/\/jugulajm.net\/index.php?rest_route=%2Fwp%2Fv2%2Ftags&post=94802"}],"curies":[{"name":"wp","href":"https:\/\/api.w.org\/{rel}","templated":true}]}}