{"id":94798,"date":"2026-01-15T13:34:43","date_gmt":"2026-01-15T12:34:43","guid":{"rendered":"https:\/\/jugulajm.net\/?p=94798"},"modified":"2026-01-15T13:34:43","modified_gmt":"2026-01-15T12:34:43","slug":"emrat-ja-kush-jane-33-personat-qe-u-transferuan-nga-burgu-i-durresit-per-ne-peqin-e-fier","status":"publish","type":"post","link":"https:\/\/jugulajm.net\/?p=94798","title":{"rendered":"EMRAT\/ Ja kush jan\u00eb 33 personat q\u00eb u transferuan nga burgu i Durr\u00ebsit p\u00ebr n\u00eb Peqin e Fier"},"content":{"rendered":"<p>Altin Ndoci u arratis dy dit\u00eb m\u00eb par\u00eb nga ambientet e spitalit t\u00eb Durr\u00ebsit ku kishte shkuar p\u00ebr kontroll mjek\u00ebsor, pasi goditi dy polic\u00ebt q\u00eb po e ruanin, nd\u00ebrsa jasht\u00eb e prisnin dy persona me makin\u00eb. Ai ende nuk \u00ebsht\u00eb kapur, nd\u00ebrsa policia vijon kontrollet p\u00ebr gjetjen e tij.<\/p>\n<p>Pas arratisjes s\u00eb tij, 33 t\u00eb burgosur me rrezikshm\u00ebri t\u00eb lart\u00eb u transferuan n\u00eb or\u00ebt e para t\u00eb m\u00ebngjesit t\u00eb 15 janarit 2026 nga Burgu i Durr\u00ebsit drejt IEVP Peqin dhe IEVP Fier. Transferimi u krye pak pas mesnate, n\u00ebn masa ekstreme sigurie, me shoq\u00ebrimin e dhjet\u00ebra mjeteve policore dhe protokolle t\u00eb rrepta.<\/p>\n<p>Burgu i Durr\u00ebsit, i njohur edhe si \u201cburgu i VIP-ave\u201d, u vu n\u00eb fokus p\u00ebr shkak t\u00eb kushteve dhe nivelit t\u00eb siguris\u00eb. Sipas burimeve, 206 t\u00eb d\u00ebnuar dhe paraburgosur u rivler\u00ebsuan p\u00ebr shkall\u00ebn e rrezikshm\u00ebris\u00eb, nd\u00ebrsa m\u00eb problematik\u00ebt u p\u00ebrzgjodh\u00ebn p\u00ebr t\u2019u sistemuar n\u00eb Peqin dhe n\u00eb Fier, i pajisur me seksione t\u00eb posa\u00e7me t\u00eb siguris\u00eb s\u00eb lart\u00eb.<\/p>\n<p>EMRAT e personave q\u00eb jan\u00eb transferuar p\u00ebr arsye sigurie nga IEVP Durr\u00ebs n\u00eb IEVP Peqin dhe IEVP Fier:<\/p>\n<p>1- Agim Gjini \u2013 Nga IEVP Durres ne IEVP Fier<\/p>\n<p>2- Lul\u00ebzim Selimi \u2013 Nga IEVP Durres ne IEVP Fier<\/p>\n<p>3- Algert Rrapi \u2013 Nga IEVP Durres ne IEVP Peqin<\/p>\n<p>4- Enea Kume (vellai i deputetit te PS Loer Kume ) \u2013 Nga IEVP Durres ne IEVP Peqin<\/p>\n<p>5- Elvis Ndreca \u2013 Nga IEVP Durres ne IEVP Peqin<\/p>\n<p>6- Dhimiter Nina \u2013 Nga IEVP Durres ne IEVP Fier<\/p>\n<p>7- Endri Seiti \u2013 Nga IEVP Durres ne IEVP Peqin<\/p>\n<p>8- Aldi Zonja \u2013 Nga IEVP Durres ne IEVP Fier<\/p>\n<p>9- Erind Lasku \u2013 Nga IEVP Durres ne IEVP Peqin<\/p>\n<p>10- Artur Hoxhosmani \u2013 Nga IEVP Durres ne IEVP Fier<\/p>\n<p>11- Artion \u00c7aushllari alias Gjika \u2013 Nga IEVP Durres ne IEVP Peqin<\/p>\n<p>12- Armando Ndreca \u2013 Nga IEVP Durres ne IEVP Fier<\/p>\n<p>13- Armand Marvataj \u2013 Nga IEVP Durres ne IEVP Peqin<\/p>\n<p>14- Astrit Avdyli alisa Balliu- Nga IEVP Durres ne IEVP Fier<\/p>\n<p>15- Samuel Alfonso Moreno Serrano ( shtetas nga venezuela ) \u2013 Nga IEVP Durres ne IEVP Peqin<\/p>\n<p>16- Braniol Li\u00e7o alias Ago \u2013 Nga IEVP Durres n\u00eb IEVP Fier<\/p>\n<p>17- Orges Molla \u2013 Nga IEVP Durres ne IEVP Peqin<\/p>\n<p>18- Dorian Beu \u2013 Nga IEVP Durres ne IEVP Fier<\/p>\n<p>19- Lulzim Berisha \u2013 Nga IEVP Durres ne IEVP Peqin<\/p>\n<p>20- Emirjan Beu \u2013 Nga IEVP Durres ne IEVP Fier<\/p>\n<p>21 \u2013 Juxhin Koka \u2013 Nga IEVP Durres ne IEVP Peqin<\/p>\n<p>22- Enkeli K\u00ebrtalli \u2013 Nga IEVP Durres ne IEVP Fier<\/p>\n<p>23 \u2013 Jose Ramos Zacarias Rodrigues Vasques ( shtetas nga venezuela ) Nga IEVP Durres ne IEVP Peqin<\/p>\n<p>24- Sk\u00ebnder Sufaj \u2013 Nga IEVP Durres ne IEVP Fier<\/p>\n<p>25- G\u00ebzim Thartori \u2013 Nga IEVP Durres ne IEVP Peqin<\/p>\n<p>26- Ismail Zeneli \u2013 Nga IEVP Durres ne IEVP Fier<\/p>\n<p>27- Geis Sejfullai \u2013 Nga IEVP Durres ne IEVP Peqin<\/p>\n<p>28- Klajdi Merkaj \u2013 Nga IEVP Durres ne IEVP Fier<\/p>\n<p>29- Ervin Zeqiri \u2013 Nga IEVP Durres ne IEVP Peqin<\/p>\n<p>30- Klevis Hoxhosmani \u2013 Nga IEVP Durres ne IEVP Fier<\/p>\n<p>31- Morel K\u00ebrtalli \u2013 Nga IEVP Durres ne IEVP Fier<\/p>\n<p>32- Maksim Ndoci \u2013 Nga IEVP Durres ne IEVP Fier<\/p>\n<p>33- Saimir Bila\u00e7aj- Nga IEVP Durres ne IEVP Fier<\/p>\n","protected":false},"excerpt":{"rendered":"<p>Altin Ndoci u arratis dy dit\u00eb m\u00eb par\u00eb nga ambientet e spitalit t\u00eb Durr\u00ebsit ku kishte shkuar p\u00ebr kontroll mjek\u00ebsor, pasi goditi dy polic\u00ebt q\u00eb po e ruanin, nd\u00ebrsa jasht\u00eb e prisnin dy persona me makin\u00eb. Ai ende nuk \u00ebsht\u00eb kapur, nd\u00ebrsa policia vijon kontrollet p\u00ebr gjetjen e tij. Pas arratisjes s\u00eb tij, 33 t\u00eb [&hellip;]<\/p>\n","protected":false},"author":5,"featured_media":47349,"comment_status":"closed","ping_status":"closed","sticky":false,"template":"","format":"standard","meta":{"footnotes":""},"categories":[1,6332],"tags":[39719],"class_list":{"0":"post-94798","1":"post","2":"type-post","3":"status-publish","4":"format-standard","5":"has-post-thumbnail","7":"category-aktualitet","8":"category-te-fundit","9":"tag-emrat-ja-kush-jane-33-personat-qe-u-transferuan-nga-burgu-i-durresit-per-ne-peqin-e-fier"},"_links":{"self":[{"href":"https:\/\/jugulajm.net\/index.php?rest_route=\/wp\/v2\/posts\/94798","targetHints":{"allow":["GET"]}}],"collection":[{"href":"https:\/\/jugulajm.net\/index.php?rest_route=\/wp\/v2\/posts"}],"about":[{"href":"https:\/\/jugulajm.net\/index.php?rest_route=\/wp\/v2\/types\/post"}],"author":[{"embeddable":true,"href":"https:\/\/jugulajm.net\/index.php?rest_route=\/wp\/v2\/users\/5"}],"replies":[{"embeddable":true,"href":"https:\/\/jugulajm.net\/index.php?rest_route=%2Fwp%2Fv2%2Fcomments&post=94798"}],"version-history":[{"count":1,"href":"https:\/\/jugulajm.net\/index.php?rest_route=\/wp\/v2\/posts\/94798\/revisions"}],"predecessor-version":[{"id":94799,"href":"https:\/\/jugulajm.net\/index.php?rest_route=\/wp\/v2\/posts\/94798\/revisions\/94799"}],"wp:featuredmedia":[{"embeddable":true,"href":"https:\/\/jugulajm.net\/index.php?rest_route=\/wp\/v2\/media\/47349"}],"wp:attachment":[{"href":"https:\/\/jugulajm.net\/index.php?rest_route=%2Fwp%2Fv2%2Fmedia&parent=94798"}],"wp:term":[{"taxonomy":"category","embeddable":true,"href":"https:\/\/jugulajm.net\/index.php?rest_route=%2Fwp%2Fv2%2Fcategories&post=94798"},{"taxonomy":"post_tag","embeddable":true,"href":"https:\/\/jugulajm.net\/index.php?rest_route=%2Fwp%2Fv2%2Ftags&post=94798"}],"curies":[{"name":"wp","href":"https:\/\/api.w.org\/{rel}","templated":true}]}}