{"id":94791,"date":"2026-01-15T10:06:08","date_gmt":"2026-01-15T09:06:08","guid":{"rendered":"https:\/\/jugulajm.net\/?p=94791"},"modified":"2026-01-15T10:06:08","modified_gmt":"2026-01-15T09:06:08","slug":"protesta-e-fermereve-greke-bllokohet-sot-aksi-kakavije-janine-ja-orari","status":"publish","type":"post","link":"https:\/\/jugulajm.net\/?p=94791","title":{"rendered":"Protesta e fermer\u00ebve grek\u00eb, bllokohet sot aksi Kakavij\u00eb-Janin\u00eb, ja orari&#8230;"},"content":{"rendered":"<p>Aksi rrugor Kakavij\u00eb-Janin\u00eb do t\u00eb jet\u00eb i bllokuar duke nisur nga ora 12:30 (me or\u00ebn greke) si pasoj\u00eb e protestave t\u00eb fermer\u00ebve grek\u00eb.<\/p>\n<p>Policia Kufitare e Kakavij\u00ebs b\u00ebn me dije se do t\u00eb lejohen p\u00ebr qarkullim vet\u00ebm automjetet q\u00eb do t\u00eb ken\u00eb emergjenca shtet\u00ebrore, nd\u00ebrsa k\u00ebrkon mir\u00ebkuptimin e qytetar\u00ebve.<\/p>\n<p><em>\u201cPolicia Kufitare Kakavij\u00eb, n\u00ebp\u00ebrmjet qendr\u00ebs s\u00eb p\u00ebrbashk\u00ebt t\u00eb shk\u00ebmbimit t\u00eb informacionit Kakavij\u00eb, \u00ebsht\u00eb njoftuar nga Policia Kufitare Greke se dit\u00ebn e sotme, nga ora 12:30 (me or\u00ebn greke) deri n\u00eb nj\u00eb njoftim t\u00eb dyt\u00eb, aksi rrugor Kakavij\u00eb\u2013Janin\u00eb, n\u00eb kryq\u00ebzimin e fshatit Kallpaq, do t\u00eb jet\u00eb i bllokuar p\u00ebr shkak t\u00eb protest\u00ebs q\u00eb do t\u00eb zhvillojn\u00eb fermer\u00ebt.<\/em><\/p>\n<p><em>Do t\u00eb lejohen t\u00eb qarkullojn\u00eb vet\u00ebm automjetet q\u00eb do t\u00eb ken\u00eb emergjenca sh\u00ebndet\u00ebsore.<\/em><\/p>\n<p><em>Policia Kufitare Kakavij\u00eb k\u00ebrkon mir\u00ebkuptimin e qytetar\u00ebve dhe sugjeron planifikimin e udh\u00ebtimeve me automjete, n\u00eb orare t\u00eb tjera t\u00eb dit\u00ebs\u201d,\u00a0<\/em>thuhet n\u00eb njoftim.<\/p>\n<p>Protestat e fermer\u00ebve kan\u00eb paralizuar Greqin\u00eb prej jav\u00ebsh, duke bllokuar akse komb\u00ebtare n\u00eb shenj\u00eb pak\u00ebnaq\u00ebsie p\u00ebr vonesat n\u00eb dh\u00ebnien e subvencioneve t\u00eb Bashkimit Europian.<\/p>\n<p>Fermer\u00ebt jan\u00eb shprehur se do t\u00eb intensifikojn\u00eb protestat n\u00ebse k\u00ebrkesat e tyre nuk plot\u00ebsohen nga qeveria greke.<\/p>\n","protected":false},"excerpt":{"rendered":"<p>Aksi rrugor Kakavij\u00eb-Janin\u00eb do t\u00eb jet\u00eb i bllokuar duke nisur nga ora 12:30 (me or\u00ebn greke) si pasoj\u00eb e protestave t\u00eb fermer\u00ebve grek\u00eb. Policia Kufitare e Kakavij\u00ebs b\u00ebn me dije se do t\u00eb lejohen p\u00ebr qarkullim vet\u00ebm automjetet q\u00eb do t\u00eb ken\u00eb emergjenca shtet\u00ebrore, nd\u00ebrsa k\u00ebrkon mir\u00ebkuptimin e qytetar\u00ebve. \u201cPolicia Kufitare Kakavij\u00eb, n\u00ebp\u00ebrmjet qendr\u00ebs s\u00eb [&hellip;]<\/p>\n","protected":false},"author":5,"featured_media":48889,"comment_status":"closed","ping_status":"closed","sticky":false,"template":"","format":"standard","meta":{"footnotes":""},"categories":[1,6332],"tags":[39714,39159],"class_list":{"0":"post-94791","1":"post","2":"type-post","3":"status-publish","4":"format-standard","5":"has-post-thumbnail","7":"category-aktualitet","8":"category-te-fundit","9":"tag-bllokohet-sot-aksi-kakavije-janine","10":"tag-protesta-e-fermereve-greke"},"_links":{"self":[{"href":"https:\/\/jugulajm.net\/index.php?rest_route=\/wp\/v2\/posts\/94791","targetHints":{"allow":["GET"]}}],"collection":[{"href":"https:\/\/jugulajm.net\/index.php?rest_route=\/wp\/v2\/posts"}],"about":[{"href":"https:\/\/jugulajm.net\/index.php?rest_route=\/wp\/v2\/types\/post"}],"author":[{"embeddable":true,"href":"https:\/\/jugulajm.net\/index.php?rest_route=\/wp\/v2\/users\/5"}],"replies":[{"embeddable":true,"href":"https:\/\/jugulajm.net\/index.php?rest_route=%2Fwp%2Fv2%2Fcomments&post=94791"}],"version-history":[{"count":1,"href":"https:\/\/jugulajm.net\/index.php?rest_route=\/wp\/v2\/posts\/94791\/revisions"}],"predecessor-version":[{"id":94792,"href":"https:\/\/jugulajm.net\/index.php?rest_route=\/wp\/v2\/posts\/94791\/revisions\/94792"}],"wp:featuredmedia":[{"embeddable":true,"href":"https:\/\/jugulajm.net\/index.php?rest_route=\/wp\/v2\/media\/48889"}],"wp:attachment":[{"href":"https:\/\/jugulajm.net\/index.php?rest_route=%2Fwp%2Fv2%2Fmedia&parent=94791"}],"wp:term":[{"taxonomy":"category","embeddable":true,"href":"https:\/\/jugulajm.net\/index.php?rest_route=%2Fwp%2Fv2%2Fcategories&post=94791"},{"taxonomy":"post_tag","embeddable":true,"href":"https:\/\/jugulajm.net\/index.php?rest_route=%2Fwp%2Fv2%2Ftags&post=94791"}],"curies":[{"name":"wp","href":"https:\/\/api.w.org\/{rel}","templated":true}]}}