{"id":94778,"date":"2026-01-14T20:40:55","date_gmt":"2026-01-14T19:40:55","guid":{"rendered":"https:\/\/jugulajm.net\/?p=94778"},"modified":"2026-01-14T20:40:55","modified_gmt":"2026-01-14T19:40:55","slug":"perse-altin-ndoci-zgjodhi-arratine-flet-avokati-i-tij-humbi-besimin-te","status":"publish","type":"post","link":"https:\/\/jugulajm.net\/?p=94778","title":{"rendered":"P\u00ebrse Altin Ndoci zgjodhi arratin\u00eb? Flet avokati i tij: Humbi besimin te&#8230;"},"content":{"rendered":"<p>Avokati i Altin Ndocit, Aldo Shk\u00ebmbi n\u00eb nj\u00eb intervist\u00eb n\u00eb emisionin \u201cReal Story\u201d n\u00eb ABC News, foli p\u00ebr ngjarjen q\u00eb tronditi vendin, arratisjen e Ndocit.<\/p>\n<p>Gjat\u00eb k\u00ebsaj interviste, avokati ka shpjeguar rrjedh\u00ebn e ngjarjeve nd\u00ebr vite, nd\u00ebrsa theksoi se Altin Ndoci humbi besimin nga drejt\u00ebsia.<\/p>\n<p>Gjithashtu tha se edhe nga t\u00eb dh\u00ebnat e skyecc del q\u00eb Altin Ndoci ka qen\u00eb p\u00ebrdorues vet\u00ebm tre dit\u00eb dhe k\u00ebto tre dit\u00eb p\u00ebrpara se t\u00eb arrestohej.<\/p>\n<p>\u201cEdhe p\u00ebr mua ishte surpriz\u00eb. Por m\u00eb shum\u00eb lidhet me faktin tek humbi e besimit tek drejt\u00ebsia. Historia e Altin Docit filloi diku te marsi i 2020. Fillimisht emri i Altin Docit ishte p\u00ebr vrasjen Dorjan Shkoz\u00ebs dhe Haxhis\u00eb. Klevis Alla b\u00ebhet bashk\u00ebpun\u00ebtor drejt\u00ebsis\u00eb dhe p\u00ebr shkak t\u00eb rrethanave q\u00eb ishte i p\u00ebrfshir\u00eb, u provua q\u00eb ishte shtyr\u00eb nga Nuredin Dumani q\u00eb t\u00eb p\u00ebrfshinte n\u00eb vrasje Altin Docin dhe Talo \u00c7el\u00ebn.\u00a0 Kan\u00eb dal\u00eb dhe shum\u00eb rrethana dhe fakte t\u00eb tjera q\u00eb lidhje edhe me platforma skyecc. N\u00eb 2020 u provua q\u00eb Altin Doci nuk ishte autor i vrasjes s\u00eb Shkoz\u00ebs dhe Haxhis\u00eb. M\u00eb pas u akuzua p\u00ebr kat\u00ebr vrasje n\u00eb bashk\u00ebpunim me Talo \u00c7el\u00ebn. Por m\u00eb pas prokuroria e posa\u00e7me t\u00ebrheq akuz\u00ebn p\u00ebr Altin Docin. \u00a0SPAK i t\u00ebrhoqi akuzat pas kat\u00ebr vitesh. Fakti q\u00eb Altin Ndoci q\u00eb nuk kishte lidhje me kat\u00ebr vrasje, u tha\u201d, tha avokati.<\/p>\n","protected":false},"excerpt":{"rendered":"<p>Avokati i Altin Ndocit, Aldo Shk\u00ebmbi n\u00eb nj\u00eb intervist\u00eb n\u00eb emisionin \u201cReal Story\u201d n\u00eb ABC News, foli p\u00ebr ngjarjen q\u00eb tronditi vendin, arratisjen e Ndocit. Gjat\u00eb k\u00ebsaj interviste, avokati ka shpjeguar rrjedh\u00ebn e ngjarjeve nd\u00ebr vite, nd\u00ebrsa theksoi se Altin Ndoci humbi besimin nga drejt\u00ebsia. Gjithashtu tha se edhe nga t\u00eb dh\u00ebnat e skyecc del [&hellip;]<\/p>\n","protected":false},"author":5,"featured_media":94779,"comment_status":"closed","ping_status":"closed","sticky":false,"template":"","format":"standard","meta":{"footnotes":""},"categories":[1,6332],"tags":[39710],"class_list":{"0":"post-94778","1":"post","2":"type-post","3":"status-publish","4":"format-standard","5":"has-post-thumbnail","7":"category-aktualitet","8":"category-te-fundit","9":"tag-perse-altin-ndoci-zgjodhi-arratine-flet-avokati-i-tij-humbi-besimin-te"},"_links":{"self":[{"href":"https:\/\/jugulajm.net\/index.php?rest_route=\/wp\/v2\/posts\/94778","targetHints":{"allow":["GET"]}}],"collection":[{"href":"https:\/\/jugulajm.net\/index.php?rest_route=\/wp\/v2\/posts"}],"about":[{"href":"https:\/\/jugulajm.net\/index.php?rest_route=\/wp\/v2\/types\/post"}],"author":[{"embeddable":true,"href":"https:\/\/jugulajm.net\/index.php?rest_route=\/wp\/v2\/users\/5"}],"replies":[{"embeddable":true,"href":"https:\/\/jugulajm.net\/index.php?rest_route=%2Fwp%2Fv2%2Fcomments&post=94778"}],"version-history":[{"count":1,"href":"https:\/\/jugulajm.net\/index.php?rest_route=\/wp\/v2\/posts\/94778\/revisions"}],"predecessor-version":[{"id":94780,"href":"https:\/\/jugulajm.net\/index.php?rest_route=\/wp\/v2\/posts\/94778\/revisions\/94780"}],"wp:featuredmedia":[{"embeddable":true,"href":"https:\/\/jugulajm.net\/index.php?rest_route=\/wp\/v2\/media\/94779"}],"wp:attachment":[{"href":"https:\/\/jugulajm.net\/index.php?rest_route=%2Fwp%2Fv2%2Fmedia&parent=94778"}],"wp:term":[{"taxonomy":"category","embeddable":true,"href":"https:\/\/jugulajm.net\/index.php?rest_route=%2Fwp%2Fv2%2Fcategories&post=94778"},{"taxonomy":"post_tag","embeddable":true,"href":"https:\/\/jugulajm.net\/index.php?rest_route=%2Fwp%2Fv2%2Ftags&post=94778"}],"curies":[{"name":"wp","href":"https:\/\/api.w.org\/{rel}","templated":true}]}}