{"id":94767,"date":"2026-01-14T14:58:01","date_gmt":"2026-01-14T13:58:01","guid":{"rendered":"https:\/\/jugulajm.net\/?p=94767"},"modified":"2026-01-14T14:58:01","modified_gmt":"2026-01-14T13:58:01","slug":"emri-arratisja-e-altin-ndocit-shkarkohet-nga-detyra-drejtori-i-burgut","status":"publish","type":"post","link":"https:\/\/jugulajm.net\/?p=94767","title":{"rendered":"EMRI\/ Arratisja e Altin Ndocit, shkarkohet nga detyra drejtori i burgut"},"content":{"rendered":"<p>Ministria e Drejt\u00ebsis\u00eb ka shkarkuar nga detyra drejtorin e burgut t\u00eb Durr\u00ebsit, Indrit Cerloj.<\/p>\n<p>Vendimi vjen pas ngjarjes s\u00eb djeshme ku i paraburgosuri Altin Ndoci u arratis nga spitali i Durr\u00ebsit, ku ishte p\u00ebr t\u00eb kryer nj\u00eb vizit\u00eb mjek\u00ebsore.<\/p>\n<p>Gjithashtu sipas njoftimit t\u00eb b\u00ebr\u00eb nga Drejtoria e Burgjeve, \u00ebsht\u00eb shkarkuar i gjith\u00eb zinxhiri komandues i burgut t\u00eb Durr\u00ebsit.<\/p>\n<p>Kujtojm\u00eb se p\u00ebr k\u00ebt\u00eb ngjarje, m\u00eb her\u00ebt dit\u00ebn e sotme u vun\u00eb n\u00eb pranga 4 zyrtar\u00eb t\u00eb burgut t\u00eb Durr\u00ebsit.<\/p>\n","protected":false},"excerpt":{"rendered":"<p>Ministria e Drejt\u00ebsis\u00eb ka shkarkuar nga detyra drejtorin e burgut t\u00eb Durr\u00ebsit, Indrit Cerloj. Vendimi vjen pas ngjarjes s\u00eb djeshme ku i paraburgosuri Altin Ndoci u arratis nga spitali i Durr\u00ebsit, ku ishte p\u00ebr t\u00eb kryer nj\u00eb vizit\u00eb mjek\u00ebsore. Gjithashtu sipas njoftimit t\u00eb b\u00ebr\u00eb nga Drejtoria e Burgjeve, \u00ebsht\u00eb shkarkuar i gjith\u00eb zinxhiri komandues i [&hellip;]<\/p>\n","protected":false},"author":5,"featured_media":47349,"comment_status":"closed","ping_status":"closed","sticky":false,"template":"","format":"standard","meta":{"footnotes":""},"categories":[1,6332,29228],"tags":[39702,39703],"class_list":{"0":"post-94767","1":"post","2":"type-post","3":"status-publish","4":"format-standard","5":"has-post-thumbnail","7":"category-aktualitet","8":"category-te-fundit","9":"category-vendi","10":"tag-emri-arratisja-e-altin-ndocit","11":"tag-shkarkohet-nga-detyra-drejtori-i-burgut"},"_links":{"self":[{"href":"https:\/\/jugulajm.net\/index.php?rest_route=\/wp\/v2\/posts\/94767","targetHints":{"allow":["GET"]}}],"collection":[{"href":"https:\/\/jugulajm.net\/index.php?rest_route=\/wp\/v2\/posts"}],"about":[{"href":"https:\/\/jugulajm.net\/index.php?rest_route=\/wp\/v2\/types\/post"}],"author":[{"embeddable":true,"href":"https:\/\/jugulajm.net\/index.php?rest_route=\/wp\/v2\/users\/5"}],"replies":[{"embeddable":true,"href":"https:\/\/jugulajm.net\/index.php?rest_route=%2Fwp%2Fv2%2Fcomments&post=94767"}],"version-history":[{"count":1,"href":"https:\/\/jugulajm.net\/index.php?rest_route=\/wp\/v2\/posts\/94767\/revisions"}],"predecessor-version":[{"id":94768,"href":"https:\/\/jugulajm.net\/index.php?rest_route=\/wp\/v2\/posts\/94767\/revisions\/94768"}],"wp:featuredmedia":[{"embeddable":true,"href":"https:\/\/jugulajm.net\/index.php?rest_route=\/wp\/v2\/media\/47349"}],"wp:attachment":[{"href":"https:\/\/jugulajm.net\/index.php?rest_route=%2Fwp%2Fv2%2Fmedia&parent=94767"}],"wp:term":[{"taxonomy":"category","embeddable":true,"href":"https:\/\/jugulajm.net\/index.php?rest_route=%2Fwp%2Fv2%2Fcategories&post=94767"},{"taxonomy":"post_tag","embeddable":true,"href":"https:\/\/jugulajm.net\/index.php?rest_route=%2Fwp%2Fv2%2Ftags&post=94767"}],"curies":[{"name":"wp","href":"https:\/\/api.w.org\/{rel}","templated":true}]}}