{"id":94714,"date":"2026-01-12T11:25:44","date_gmt":"2026-01-12T10:25:44","guid":{"rendered":"https:\/\/jugulajm.net\/?p=94714"},"modified":"2026-01-12T11:25:44","modified_gmt":"2026-01-12T10:25:44","slug":"publikohen-datat-dhe-rregullorja-e-matures-shteterore","status":"publish","type":"post","link":"https:\/\/jugulajm.net\/?p=94714","title":{"rendered":"Publikohen datat dhe rregullorja e Matur\u00ebs Shtet\u00ebrore"},"content":{"rendered":"<p>Ministria e Arsimit ka b\u00ebr\u00eb publike rregulloren dhe datat e provimeve t\u00eb Matur\u00ebs Shtet\u00ebrore 2026 p\u00ebr t\u00eb gjith\u00eb maturant\u00ebt e arsimit t\u00eb mes\u00ebm t\u00eb p\u00ebrgjithsh\u00ebm dhe profesional.<\/p>\n<p>N\u00eb nj\u00eb postim n\u00eb rrjetet sociale ministrja e Arsimit Mirela Kumbaro thekson se rregullat jan\u00eb t\u00eb qarta dhe gara \u00ebsht\u00eb e drejt\u00eb.<\/p>\n<p>N\u00eb 2 qershor do t\u00eb jet\u00eb provimi i gjuh\u00ebs s\u00eb huaj, n\u00eb 9 qershor provimi i gjuh\u00ebs shqipe dhe let\u00ebrsis\u00eb, n\u00eb 16 qershor provimi i matematik\u00ebs dhe n\u00eb 23 qershor provimi me zgjedhje.<\/p>\n<p>Gjithashtu jan\u00eb publikuar edhe testet model p\u00ebr orientimin e maturant\u00ebve gjat\u00eb p\u00ebrgatitjes. Rregullorja parashikon penalizime p\u00ebr \u00e7do shkelje t\u00eb rregullave t\u00eb provimit.<\/p>\n<p><em>\u201cJan\u00eb publikuar dhe shp\u00ebrndar\u00eb po ashtu testet model p\u00ebr orientimin e maturant\u00ebve gjat\u00eb procesit t\u00eb p\u00ebrgatitjes Kujdes! \u00c7do shkelje e rregullave t\u00eb provimit parashikon penalizim sipas rregullores. P\u00ebrgatitja rigoroze \u00ebsht\u00eb mund\u00ebsia juaj e vetme p\u00ebr nj\u00eb gar\u00eb q\u00eb ju nxjerr fitues e faqebardh\u00eb\u201d<\/em>, shkruan Kumbaro krahas udh\u00ebzimit dhe urdhrit t\u00eb Ministris\u00eb s\u00eb Arsimit.<\/p>\n","protected":false},"excerpt":{"rendered":"<p>Ministria e Arsimit ka b\u00ebr\u00eb publike rregulloren dhe datat e provimeve t\u00eb Matur\u00ebs Shtet\u00ebrore 2026 p\u00ebr t\u00eb gjith\u00eb maturant\u00ebt e arsimit t\u00eb mes\u00ebm t\u00eb p\u00ebrgjithsh\u00ebm dhe profesional. N\u00eb nj\u00eb postim n\u00eb rrjetet sociale ministrja e Arsimit Mirela Kumbaro thekson se rregullat jan\u00eb t\u00eb qarta dhe gara \u00ebsht\u00eb e drejt\u00eb. N\u00eb 2 qershor do t\u00eb jet\u00eb [&hellip;]<\/p>\n","protected":false},"author":5,"featured_media":56435,"comment_status":"closed","ping_status":"closed","sticky":false,"template":"","format":"standard","meta":{"footnotes":""},"categories":[7520,6332,29228],"tags":[39670],"class_list":{"0":"post-94714","1":"post","2":"type-post","3":"status-publish","4":"format-standard","5":"has-post-thumbnail","7":"category-arsim","8":"category-te-fundit","9":"category-vendi","10":"tag-publikohen-datat-dhe-rregullorja-e-matures-shteterore"},"_links":{"self":[{"href":"https:\/\/jugulajm.net\/index.php?rest_route=\/wp\/v2\/posts\/94714","targetHints":{"allow":["GET"]}}],"collection":[{"href":"https:\/\/jugulajm.net\/index.php?rest_route=\/wp\/v2\/posts"}],"about":[{"href":"https:\/\/jugulajm.net\/index.php?rest_route=\/wp\/v2\/types\/post"}],"author":[{"embeddable":true,"href":"https:\/\/jugulajm.net\/index.php?rest_route=\/wp\/v2\/users\/5"}],"replies":[{"embeddable":true,"href":"https:\/\/jugulajm.net\/index.php?rest_route=%2Fwp%2Fv2%2Fcomments&post=94714"}],"version-history":[{"count":1,"href":"https:\/\/jugulajm.net\/index.php?rest_route=\/wp\/v2\/posts\/94714\/revisions"}],"predecessor-version":[{"id":94715,"href":"https:\/\/jugulajm.net\/index.php?rest_route=\/wp\/v2\/posts\/94714\/revisions\/94715"}],"wp:featuredmedia":[{"embeddable":true,"href":"https:\/\/jugulajm.net\/index.php?rest_route=\/wp\/v2\/media\/56435"}],"wp:attachment":[{"href":"https:\/\/jugulajm.net\/index.php?rest_route=%2Fwp%2Fv2%2Fmedia&parent=94714"}],"wp:term":[{"taxonomy":"category","embeddable":true,"href":"https:\/\/jugulajm.net\/index.php?rest_route=%2Fwp%2Fv2%2Fcategories&post=94714"},{"taxonomy":"post_tag","embeddable":true,"href":"https:\/\/jugulajm.net\/index.php?rest_route=%2Fwp%2Fv2%2Ftags&post=94714"}],"curies":[{"name":"wp","href":"https:\/\/api.w.org\/{rel}","templated":true}]}}