{"id":94710,"date":"2026-01-12T09:24:51","date_gmt":"2026-01-12T08:24:51","guid":{"rendered":"https:\/\/jugulajm.net\/?p=94710"},"modified":"2026-01-12T09:24:51","modified_gmt":"2026-01-12T08:24:51","slug":"emrat-drejtori-i-pergjithshem-proda-ndryshon-disa-drejtore-policie-ja-cilet","status":"publish","type":"post","link":"https:\/\/jugulajm.net\/?p=94710","title":{"rendered":"EMRAT\/ Drejtori i P\u00ebrgjithsh\u00ebm Proda ndryshon disa drejtor\u00eb policie, ja cil\u00ebt&#8230;"},"content":{"rendered":"<p>Ndryshime kan\u00eb ndodhur n\u00eb drejtorit\u00eb vendore t\u00eb Policis\u00eb nga Drejtori i P\u00ebrgjithsh\u00ebm i saj, Drejtues Madhor, Ilir Proda.<\/p>\n<p>K\u00ebshtu, sipas birimeve t\u00eb besueshme, Vilson Bala \u00ebsht\u00eb em\u00ebruar n\u00eb krye t\u00eb drejtoris\u00eb vendore t\u00eb policis\u00eb n\u00eb Kor\u00e7\u00eb.<\/p>\n<p>Islor Islami \u00ebsht\u00eb em\u00ebruar drejtor n\u00eb drejtorin\u00eb vendore t\u00eb Policis\u00eb Lezh\u00eb. N\u00eb Durr\u00ebs \u00ebsht\u00eb em\u00ebruar Afrim Tafa dhe n\u00eb Elbasan Fartmir Hoxha.<\/p>\n","protected":false},"excerpt":{"rendered":"<p>Ndryshime kan\u00eb ndodhur n\u00eb drejtorit\u00eb vendore t\u00eb Policis\u00eb nga Drejtori i P\u00ebrgjithsh\u00ebm i saj, Drejtues Madhor, Ilir Proda. K\u00ebshtu, sipas birimeve t\u00eb besueshme, Vilson Bala \u00ebsht\u00eb em\u00ebruar n\u00eb krye t\u00eb drejtoris\u00eb vendore t\u00eb policis\u00eb n\u00eb Kor\u00e7\u00eb. Islor Islami \u00ebsht\u00eb em\u00ebruar drejtor n\u00eb drejtorin\u00eb vendore t\u00eb Policis\u00eb Lezh\u00eb. N\u00eb Durr\u00ebs \u00ebsht\u00eb em\u00ebruar Afrim Tafa dhe n\u00eb [&hellip;]<\/p>\n","protected":false},"author":5,"featured_media":79330,"comment_status":"closed","ping_status":"closed","sticky":false,"template":"","format":"standard","meta":{"footnotes":""},"categories":[1,6332,29228],"tags":[39669,28270],"class_list":{"0":"post-94710","1":"post","2":"type-post","3":"status-publish","4":"format-standard","5":"has-post-thumbnail","7":"category-aktualitet","8":"category-te-fundit","9":"category-vendi","10":"tag-emrat-drejtori-i-pergjithshem-proda-ndryshon-disa-drejtore-policie","11":"tag-ja-cilet"},"_links":{"self":[{"href":"https:\/\/jugulajm.net\/index.php?rest_route=\/wp\/v2\/posts\/94710","targetHints":{"allow":["GET"]}}],"collection":[{"href":"https:\/\/jugulajm.net\/index.php?rest_route=\/wp\/v2\/posts"}],"about":[{"href":"https:\/\/jugulajm.net\/index.php?rest_route=\/wp\/v2\/types\/post"}],"author":[{"embeddable":true,"href":"https:\/\/jugulajm.net\/index.php?rest_route=\/wp\/v2\/users\/5"}],"replies":[{"embeddable":true,"href":"https:\/\/jugulajm.net\/index.php?rest_route=%2Fwp%2Fv2%2Fcomments&post=94710"}],"version-history":[{"count":1,"href":"https:\/\/jugulajm.net\/index.php?rest_route=\/wp\/v2\/posts\/94710\/revisions"}],"predecessor-version":[{"id":94711,"href":"https:\/\/jugulajm.net\/index.php?rest_route=\/wp\/v2\/posts\/94710\/revisions\/94711"}],"wp:featuredmedia":[{"embeddable":true,"href":"https:\/\/jugulajm.net\/index.php?rest_route=\/wp\/v2\/media\/79330"}],"wp:attachment":[{"href":"https:\/\/jugulajm.net\/index.php?rest_route=%2Fwp%2Fv2%2Fmedia&parent=94710"}],"wp:term":[{"taxonomy":"category","embeddable":true,"href":"https:\/\/jugulajm.net\/index.php?rest_route=%2Fwp%2Fv2%2Fcategories&post=94710"},{"taxonomy":"post_tag","embeddable":true,"href":"https:\/\/jugulajm.net\/index.php?rest_route=%2Fwp%2Fv2%2Ftags&post=94710"}],"curies":[{"name":"wp","href":"https:\/\/api.w.org\/{rel}","templated":true}]}}