{"id":94694,"date":"2026-01-11T12:41:17","date_gmt":"2026-01-11T11:41:17","guid":{"rendered":"https:\/\/jugulajm.net\/?p=94694"},"modified":"2026-01-11T12:41:17","modified_gmt":"2026-01-11T11:41:17","slug":"permbytjet-flet-rama-leshojme-si-lopa-bajgat-mbetjet-e-konsumit-tone-dhe","status":"publish","type":"post","link":"https:\/\/jugulajm.net\/?p=94694","title":{"rendered":"P\u00ebrmbytjet, flet Rama: L\u00ebshojm\u00eb si lopa bajgat mbetjet e konsumit ton\u00eb dhe&#8230;"},"content":{"rendered":"<p>P\u00ebr kryeministrin Edi Rama nj\u00eb nga faktor\u00ebt kryesore t\u00eb p\u00ebrmbytjeve si pasoj\u00eb e reshjeve t\u00eb shiut \u00ebsht\u00eb edhe faktori njer\u00ebzor.<\/p>\n<p>Rama ngriti shqet\u00ebsimin e hedhjes s\u00eb plastik\u00ebs, duke shkaktuar grumbullime n\u00eb sasi t\u00eb k\u00ebtyre materialeve.<\/p>\n<p>Kryeministri u shpreh se si qeveri do t\u00eb marrin masa t\u00eb reja, nga sensibilizimi deri tek gjobat p\u00ebr ata qe hedhin mbetje vend e pa vend.<\/p>\n<p>\u201cP\u00ebrtej vorbull\u00ebs atmosferike, ndryshimit klimatik, sasis\u00eb s\u00eb reshjeve q\u00eb n\u00eb kat\u00ebr dit\u00eb ishte sa mesatarja e muajit janar, pra 30 dit\u00ebve reshje, n\u00eb pes\u00eb vitet e fundit, faktori njer\u00ebzor ka pesh\u00ebn e vet. Ka pesh\u00ebn e vet p\u00ebr mir\u00eb ose p\u00ebr keq, nj\u00ebsoj si\u00e7 edhe infrastruktura ka pesh\u00ebn e vet p\u00ebr mir\u00eb ose p\u00ebr keq. Jo p\u00ebr t\u2019i ndalur, por p\u00ebr t\u2019i b\u00ebr\u00eb m\u00eb t\u00eb kontrollueshme, k\u00ebto masa t\u00eb jasht\u00ebzakonshme reshjesh d\u00ebbore dhe prurjesh.<\/p>\n<p>Nd\u00ebrkoh\u00eb q\u00eb, ne si qeveri, jemi t\u00eb qart\u00eb p\u00ebr nevoj\u00ebn e vazhdimit te investimeve n\u00eb sistemin mbrojt\u00ebs t\u00eb vendit, un\u00eb nuk e di fare sinqerisht se si i b\u00ebhet harbut\u00ebris\u00eb ekstreme ndaj natyr\u00ebs q\u00eb manifestojm\u00eb or\u00eb e \u00e7ast ne si popull! Po tro\u00e7, ne si popull!<\/p>\n<p>Prurjet marramend\u00ebse t\u00eb plastik\u00ebs nga lumenjt\u00eb n\u00eb k\u00ebto raste, jan\u00eb t\u00eb frikshme, jan\u00eb t\u00eb neveritshme, jan\u00eb kriminale n\u00eb kuptimin e plot\u00eb t\u00eb fjal\u00ebs.<\/p>\n<p>Hedhja rrug\u00ebve e shisheve dhe qeseve plastike, si t\u00eb ishte ky vend, jo atdheu yn\u00eb i p\u00ebrbashk\u00ebt, po nj\u00eb kosh plehrash n\u00eb nj\u00eb territor q\u00eb s\u2019na p\u00ebrket me t\u00eb cilin s\u2019kemi lidhje, ku, kudo ku na teket, l\u00ebshojm\u00eb si lopa bajgat, mbetjet e konsumit ton\u00eb, \u00ebsht\u00eb di\u00e7ka, q\u00eb e mbulon tamam me bajga flamurin e pavar\u00ebsis\u00eb ton\u00eb si shtet, librin e historis\u00eb s\u00eb p\u00ebrpjekjeve tona shekullore si komb p\u00ebr t\u00eb jetuar n\u00eb shtetin ton\u00eb, fytyr\u00ebn e secilit prej nesh si njer\u00ebz t\u00eb k\u00ebtij populli e si qytetar\u00eb t\u00eb Europ\u00ebs, q\u00eb mbajm\u00eb emrin shqiptar, t\u00eb cilin e mbajm\u00eb me t\u00eb drejt\u00eb me krenari n\u00eb shum\u00eb raste, t\u00eb cilin e ndiejm\u00eb me t\u00eb drejt\u00eb si v\u00ebrtet\u00eb fjal\u00ebn ky\u00e7e q\u00eb na b\u00ebn t\u00eb ndihemi krenar\u00eb kur je n\u00eb stadium, por t\u00eb cilin e p\u00ebrdhosim, emrin shqiptar, duke p\u00ebrdhosur Shqip\u00ebrin\u00eb, duke p\u00ebrdhosur natyr\u00ebn e Shqip\u00ebris\u00eb, duke p\u00ebrdhosur fytyr\u00ebn e Shqip\u00ebris\u00eb.<\/p>\n<p>Ne si qeveri e si shumic\u00eb popullore, sidoqoft\u00eb nuk do t\u00eb dor\u00ebzohemi, e do t\u00eb dalim m\u00eb tej me masa t\u00eb reja kund\u00ebr k\u00ebsaj fuqie t\u00eb err\u00ebsir\u00ebs n\u00eb trurin ton\u00eb si milet, duke rritur p\u00ebrpjekjet p\u00ebr sensibilizim, informim, por edhe nd\u00ebshkim po ashtu. Por n\u00eb t\u00eb gjitha rastet \u00ebsht\u00eb e domosdoshme q\u00eb gjith\u00ebsecili t\u00eb ftillohet sepse kjo q\u00eb ndodh dhe ajo q\u00eb i b\u00ebjm\u00eb ne Shqip\u00ebris\u00eb, duke hedhur nj\u00eb shishe plastike apo duke hedhur nj\u00eb qese plastike n\u00eb rrug\u00eb ka vet\u00ebm nj\u00eb fjal\u00eb q\u00eb e p\u00ebrkufizon, KRIM\u201d, tha kryeministri Rama ne podkastin e tij \u201cFlasim\u201d.<\/p>\n","protected":false},"excerpt":{"rendered":"<p>P\u00ebr kryeministrin Edi Rama nj\u00eb nga faktor\u00ebt kryesore t\u00eb p\u00ebrmbytjeve si pasoj\u00eb e reshjeve t\u00eb shiut \u00ebsht\u00eb edhe faktori njer\u00ebzor. Rama ngriti shqet\u00ebsimin e hedhjes s\u00eb plastik\u00ebs, duke shkaktuar grumbullime n\u00eb sasi t\u00eb k\u00ebtyre materialeve. Kryeministri u shpreh se si qeveri do t\u00eb marrin masa t\u00eb reja, nga sensibilizimi deri tek gjobat p\u00ebr ata qe [&hellip;]<\/p>\n","protected":false},"author":5,"featured_media":94695,"comment_status":"closed","ping_status":"closed","sticky":false,"template":"","format":"standard","meta":{"footnotes":""},"categories":[1,6326,6332,29228],"tags":[39659,33910],"class_list":{"0":"post-94694","1":"post","2":"type-post","3":"status-publish","4":"format-standard","5":"has-post-thumbnail","7":"category-aktualitet","8":"category-politike","9":"category-te-fundit","10":"category-vendi","11":"tag-flet-rama-leshojme-si-lopa-bajgat-mbetjet-e-konsumit-tone-dhe","12":"tag-permbytjet"},"_links":{"self":[{"href":"https:\/\/jugulajm.net\/index.php?rest_route=\/wp\/v2\/posts\/94694","targetHints":{"allow":["GET"]}}],"collection":[{"href":"https:\/\/jugulajm.net\/index.php?rest_route=\/wp\/v2\/posts"}],"about":[{"href":"https:\/\/jugulajm.net\/index.php?rest_route=\/wp\/v2\/types\/post"}],"author":[{"embeddable":true,"href":"https:\/\/jugulajm.net\/index.php?rest_route=\/wp\/v2\/users\/5"}],"replies":[{"embeddable":true,"href":"https:\/\/jugulajm.net\/index.php?rest_route=%2Fwp%2Fv2%2Fcomments&post=94694"}],"version-history":[{"count":1,"href":"https:\/\/jugulajm.net\/index.php?rest_route=\/wp\/v2\/posts\/94694\/revisions"}],"predecessor-version":[{"id":94696,"href":"https:\/\/jugulajm.net\/index.php?rest_route=\/wp\/v2\/posts\/94694\/revisions\/94696"}],"wp:featuredmedia":[{"embeddable":true,"href":"https:\/\/jugulajm.net\/index.php?rest_route=\/wp\/v2\/media\/94695"}],"wp:attachment":[{"href":"https:\/\/jugulajm.net\/index.php?rest_route=%2Fwp%2Fv2%2Fmedia&parent=94694"}],"wp:term":[{"taxonomy":"category","embeddable":true,"href":"https:\/\/jugulajm.net\/index.php?rest_route=%2Fwp%2Fv2%2Fcategories&post=94694"},{"taxonomy":"post_tag","embeddable":true,"href":"https:\/\/jugulajm.net\/index.php?rest_route=%2Fwp%2Fv2%2Ftags&post=94694"}],"curies":[{"name":"wp","href":"https:\/\/api.w.org\/{rel}","templated":true}]}}