{"id":94678,"date":"2026-01-10T15:58:53","date_gmt":"2026-01-10T14:58:53","guid":{"rendered":"https:\/\/jugulajm.net\/?p=94678"},"modified":"2026-01-10T15:58:53","modified_gmt":"2026-01-10T14:58:53","slug":"berisha-per-skenaret-e-protestes-me-24-janar-vetem-doreheqja-nuk-marrim-pushtet-me-dhune","status":"publish","type":"post","link":"https:\/\/jugulajm.net\/?p=94678","title":{"rendered":"Berisha p\u00ebr skenaret e protest\u00ebs m\u00eb 24 janar: Vet\u00ebm dor\u00ebheqja, nuk marrim pushtet me dhun\u00eb"},"content":{"rendered":"<p>Kryetari i Partis\u00eb Demokratike, Sali Berisha, ka folur p\u00ebr mediat pas mbledhjes s\u00eb Kryesis\u00eb s\u00eb PD-s\u00eb, ku u vendos q\u00eb m\u00eb 24 janar t\u00eb mbahet protesta e radh\u00ebs komb\u00ebtare kund\u00ebr qeveris\u00eb s\u00eb kryeministrit Edi Rama dhe, sipas opozit\u00ebs, skandaleve t\u00eb r\u00ebnda q\u00eb p\u00ebrfshijn\u00eb z\u00ebvend\u00ebskryeministren Belinda Balluku dhe AKSHI-n.<\/p>\n<p>Berisha theksoi se opozita nuk synon marrjen e pushtetit me dhun\u00eb, duke iu referuar ngjarjeve t\u00eb 21 janarit 2011, p\u00ebr t\u00eb cilat faj\u00ebsoi drejtp\u00ebrdrejt Edi Ram\u00ebn.<\/p>\n<p><em><strong>\u201c21 janari \u00ebsht\u00eb vep\u00ebr e Edi Ram\u00ebs, e burracakut dhe frikacakut Edi Ram\u00ebs. Sali Berisha nuk merr pushtet me dhun\u00eb. E ka deklaruar k\u00ebt\u00eb m\u00eb 12 dhjetor 1990 dhe ka qen\u00eb konsekuent n\u00eb k\u00ebt\u00eb linj\u00eb.\u201d<\/strong><\/em><\/p>\n<p>Sipas kryedemokratit, protesta e 24 janarit do t\u00eb jet\u00eb shprehje e nj\u00eb zem\u00ebrimi t\u00eb madh popullor, i nxitur nga ajo q\u00eb ai e cil\u00ebson si kapje e shtetit dhe korrupsion masiv.<\/p>\n<p><em><strong>\u201cZem\u00ebrimi popullor \u00ebsht\u00eb i jasht\u00ebzakonsh\u00ebm, i pap\u00ebrmbajtur. Mesazhi yn\u00eb p\u00ebr narkoshtetin \u00ebsht\u00eb: ik nj\u00eb minut\u00eb e m\u00eb par\u00eb. Jemi t\u00eb vendosur t\u00eb shkojm\u00eb gjer n\u00eb fund p\u00ebr largimin e k\u00ebsaj organizate kriminale.\u201d<\/strong><\/em><\/p>\n<p>Berisha iu referua edhe deklaratave t\u00eb ish-z\u00ebvend\u00ebskryeministrit Arben Ahmetaj, duke th\u00ebn\u00eb se ato zbulojn\u00eb miliarda euro t\u00eb vjedhura dhe t\u00eb amnistuara.<\/p>\n<p><em><strong>\u201cN\u00eb 5 dosje nxori rreth 12 miliard\u00eb euro t\u00eb amnistuara, t\u00eb vjedhura nga qeveritar\u00ebt, nga Edi Rama dhe anturazhi i tij dhe t\u00eb amnistuara nga SPAK-u i partis\u00eb.\u201d<\/strong><\/em><\/p>\n<p>I pyetur n\u00ebse protesta e 24 janarit mund t\u2019i ngjaj\u00eb asaj t\u00eb 21 janarit, Berisha e hodhi posht\u00eb kategorikisht k\u00ebt\u00eb krahasim, duke deklaruar se Rama ndodhet n\u00eb \u201cgrahmat e fundit politike\u201d.<\/p>\n<p><em><strong>\u201cEdi Rama \u00ebsht\u00eb i pashpres\u00eb. Dhe zem\u00ebrimi popullor do t\u00eb bjer\u00eb mbi t\u00eb.\u201d<\/strong><\/em><br \/>\nN\u00eb lidhje me munges\u00ebn e nj\u00eb proteste t\u00eb p\u00ebrbashk\u00ebt me t\u00eb gjitha partit\u00eb opozitare, Berisha tha se dyert jan\u00eb t\u00eb hapura p\u00ebr k\u00ebdo q\u00eb d\u00ebshiron t\u00eb luftoj\u00eb kund\u00ebr qeveris\u00eb.<\/p>\n<p><em><strong>\u201cT\u00eb gjith\u00eb ata q\u00eb jan\u00eb t\u00eb vendosur t\u00eb luftojn\u00eb t\u00eb keqen q\u00eb quhet Edi Rama, vendin e kan\u00eb t\u00eb hapur.\u201d<\/strong><\/em><br \/>\nAi p\u00ebrmendi edhe protest\u00ebn e vazhdueshme t\u00eb Adriatik Lapajt para Kryeministris\u00eb, duke theksuar se e ka p\u00ebrg\u00ebzuar publikisht.<\/p>\n<p>Sa i p\u00ebrket mobilizimit, Berisha tha se nuk do t\u00eb ket\u00eb kuota p\u00ebr deputet\u00ebt apo drejtuesit e PD-s\u00eb p\u00ebr t\u00eb sjell\u00eb protestues.<\/p>\n<p><em><strong>\u201cNjer\u00ebzit i sjell k\u00ebtu revolta e brendshme shpirt\u00ebrore, urrejtja e pakufishme q\u00eb kan\u00eb p\u00ebr Belinda Ballukun, Edi Ram\u00ebn, Lindat e tij.\u201d<\/strong><\/em><br \/>\nI pyetur n\u00ebse opozita ka nj\u00eb skenar t\u00eb qart\u00eb p\u00ebr protest\u00ebn, Berisha u shpreh se \u00ebsht\u00eb transparent dhe se mediat do t\u00eb informohen n\u00eb \u00e7do hap.<\/p>\n<p><em><strong>\u201cNuk do t\u00eb gjeni kurr\u00eb nj\u00eb njeri m\u00eb transparent se un\u00eb. \u00c7do dit\u00eb u them at\u00eb q\u00eb kam nd\u00ebrmend t\u00eb b\u00ebj.\u201d<\/strong><\/em><br \/>\nN\u00eb fund, kreu i PD-s\u00eb e b\u00ebri t\u00eb qart\u00eb se k\u00ebrkesa kryesore e protest\u00ebs s\u00eb 24 janarit do t\u00eb jet\u00eb dor\u00ebheqja e qeveris\u00eb.<\/p>\n<p><em><strong>\u201cDor\u00ebheqja, dor\u00ebheqja, vet\u00ebm dor\u00ebheqja. Shqip\u00ebria nuk do m\u00eb t\u2019i shoh\u00eb k\u00ebta njer\u00ebz. Kan\u00eb fituar nj\u00eb urrejtje t\u00eb madhe popullore.\u201d<\/strong><\/em><br \/>\nProtesta e 24 janarit pritet t\u00eb jet\u00eb nj\u00eb tjet\u00ebr p\u00ebrplasje e fort\u00eb politike mes opozit\u00ebs dhe mazhoranc\u00ebs, nd\u00ebrsa Berisha paralajm\u00ebron se beteja sapo ka nisur.<\/p>\n","protected":false},"excerpt":{"rendered":"<p>Kryetari i Partis\u00eb Demokratike, Sali Berisha, ka folur p\u00ebr mediat pas mbledhjes s\u00eb Kryesis\u00eb s\u00eb PD-s\u00eb, ku u vendos q\u00eb m\u00eb 24 janar t\u00eb mbahet protesta e radh\u00ebs komb\u00ebtare kund\u00ebr qeveris\u00eb s\u00eb kryeministrit Edi Rama dhe, sipas opozit\u00ebs, skandaleve t\u00eb r\u00ebnda q\u00eb p\u00ebrfshijn\u00eb z\u00ebvend\u00ebskryeministren Belinda Balluku dhe AKSHI-n. Berisha theksoi se opozita nuk synon marrjen [&hellip;]<\/p>\n","protected":false},"author":5,"featured_media":94679,"comment_status":"closed","ping_status":"closed","sticky":false,"template":"","format":"standard","meta":{"footnotes":""},"categories":[1,6326,6332],"tags":[39653,39654,39211,22446],"class_list":{"0":"post-94678","1":"post","2":"type-post","3":"status-publish","4":"format-standard","5":"has-post-thumbnail","7":"category-aktualitet","8":"category-politike","9":"category-te-fundit","10":"tag-berisha-per-skenaret-e-protestes-me-24-janar-vetem-doreheqja","11":"tag-nuk-marrim-pushtet-me-dhune","12":"tag-protesta","13":"tag-sali-berisha"},"_links":{"self":[{"href":"https:\/\/jugulajm.net\/index.php?rest_route=\/wp\/v2\/posts\/94678","targetHints":{"allow":["GET"]}}],"collection":[{"href":"https:\/\/jugulajm.net\/index.php?rest_route=\/wp\/v2\/posts"}],"about":[{"href":"https:\/\/jugulajm.net\/index.php?rest_route=\/wp\/v2\/types\/post"}],"author":[{"embeddable":true,"href":"https:\/\/jugulajm.net\/index.php?rest_route=\/wp\/v2\/users\/5"}],"replies":[{"embeddable":true,"href":"https:\/\/jugulajm.net\/index.php?rest_route=%2Fwp%2Fv2%2Fcomments&post=94678"}],"version-history":[{"count":1,"href":"https:\/\/jugulajm.net\/index.php?rest_route=\/wp\/v2\/posts\/94678\/revisions"}],"predecessor-version":[{"id":94680,"href":"https:\/\/jugulajm.net\/index.php?rest_route=\/wp\/v2\/posts\/94678\/revisions\/94680"}],"wp:featuredmedia":[{"embeddable":true,"href":"https:\/\/jugulajm.net\/index.php?rest_route=\/wp\/v2\/media\/94679"}],"wp:attachment":[{"href":"https:\/\/jugulajm.net\/index.php?rest_route=%2Fwp%2Fv2%2Fmedia&parent=94678"}],"wp:term":[{"taxonomy":"category","embeddable":true,"href":"https:\/\/jugulajm.net\/index.php?rest_route=%2Fwp%2Fv2%2Fcategories&post=94678"},{"taxonomy":"post_tag","embeddable":true,"href":"https:\/\/jugulajm.net\/index.php?rest_route=%2Fwp%2Fv2%2Ftags&post=94678"}],"curies":[{"name":"wp","href":"https:\/\/api.w.org\/{rel}","templated":true}]}}