{"id":94647,"date":"2026-01-09T15:02:07","date_gmt":"2026-01-09T14:02:07","guid":{"rendered":"https:\/\/jugulajm.net\/?p=94647"},"modified":"2026-01-09T15:03:10","modified_gmt":"2026-01-09T14:03:10","slug":"akuza-e-ahmetajt-ndaj-rames-nje-akuze-e-rende-qe-vret-vetveten","status":"publish","type":"post","link":"https:\/\/jugulajm.net\/?p=94647","title":{"rendered":"Akuza e Ahmetajt ndaj Ram\u00ebs, nj\u00eb akuz\u00eb e r\u00ebnd\u00eb q\u00eb vret vetveten&#8230;"},"content":{"rendered":"<p><strong>Nga Fejzo Subashi<\/strong><\/p>\n<p>Dyshimi ndaj akuzave t\u00eb Arben Ahmetajt nuk buron nga besimi te Rama apo te qeveria e tij. P\u00ebr korrupsionin, tenderat apo abuzimet, drejt\u00ebsia duhet t\u00eb flas\u00eb mbi baza faktike. Por ajo q\u00eb nuk mund t\u00eb pranohet \u00ebsht\u00eb nj\u00eb logjik\u00eb e tipit \u201cm\u00eb besoni mua, sepse un\u00eb po e them\u201d.<br \/>\nAhmetaj pretendon se Kryeministri ka dashur ta vras\u00eb. Kjo nuk \u00ebsht\u00eb thjesht nj\u00eb akuz\u00eb politike; \u00ebsht\u00eb pretendim p\u00ebr krim kapital, p\u00ebr tentativ\u00eb vrasjeje. N\u00eb \u00e7do shtet serioz, nj\u00eb deklarat\u00eb e till\u00eb nuk shkon n\u00eb studio televizive, por drejt e n\u00eb prokurori.<br \/>\nK\u00ebtu lind paradoksi logjik:<br \/>\nn\u00ebse rreziku ka qen\u00eb real, heshtja p\u00ebrball\u00eb SPAK-ut \u00ebsht\u00eb e pajustifikueshme;<br \/>\nn\u00ebse nuk ka rrezik real, at\u00ebher\u00eb deklarata \u00ebsht\u00eb manipulim i frik\u00ebs publike.<br \/>\nNuk ekziston variant i tret\u00eb.<br \/>\nAhmetaj nuk \u00ebsht\u00eb qytetar i thjesht\u00eb, i pambrojtur apo i painformuar. Ai ka qen\u00eb n\u00eb maj\u00eb t\u00eb pushtetit, ka njohur mekanizmat e shtetit, ka pasur akses te dokumente, te struktura dhe te institucionet. Nj\u00eb njeri n\u00eb k\u00ebt\u00eb pozit\u00eb q\u00eb nuk depoziton kall\u00ebzim penal, por zgjedh rr\u00ebfimin emocional publik, minon vet\u00eb besueshm\u00ebrin\u00eb e tij.<br \/>\nAkuzat p\u00ebr korrupsion k\u00ebrkojn\u00eb prova financiare.<br \/>\nAkuzat p\u00ebr abuzim pushteti k\u00ebrkojn\u00eb dokumente.<br \/>\nAkuzat p\u00ebr tentativ\u00eb vrasjeje k\u00ebrkojn\u00eb denoncim penal.<br \/>\nPa k\u00ebt\u00eb hap, \u00e7do fjal\u00eb tjet\u00ebr \u00ebsht\u00eb retorik\u00eb mbrojt\u00ebse personale.<br \/>\nPrandaj problemi nuk \u00ebsht\u00eb Rama si figur\u00eb politike, por modeli i ri i akuz\u00ebs pa p\u00ebrgjegj\u00ebsi, ku drejt\u00ebsia anashkalohet dhe publiku p\u00ebrdoret si gjykat\u00eb emocionale. Kjo nuk \u00ebsht\u00eb guxim, as denoncim \u00ebsht\u00eb strategji mbijetese.<br \/>\nN\u00eb nj\u00eb shtet q\u00eb pretendon t\u00eb nd\u00ebrtoj\u00eb drejt\u00ebsi, logjika alla Ahmetaj nuk mund t\u00eb pranohet: Ose flet drejt\u00ebsia, se hesht politika.<br \/>\nProblemi nuk \u00ebsht\u00eb mbrojtja e Ram\u00ebs, por besueshm\u00ebria e akuzave t\u00eb Arben Ahmetajt. Personalisht, nuk i besoj k\u00ebtyre akuzave jo sepse Rama \u00ebsht\u00eb i past\u00ebr, por sepse nuk p\u00ebrputhen me profilin, karakterin dhe m\u00ebnyr\u00ebn e funksionimit t\u00eb tij.<br \/>\nAhmetaj tenton t\u00eb nd\u00ebrtoj\u00eb figur\u00ebn e Ram\u00ebs si nj\u00eb njeri \u201ctrim\u201d, i rreziksh\u00ebm, deri n\u00eb kufijt\u00eb e eliminimit fizik. Por kjo figur\u00eb nuk p\u00ebrkon me realitetin politik q\u00eb njohim. Rama nuk ka treguar kurr\u00eb tipare t\u00eb nj\u00eb njeriu q\u00eb merr rreziqe ekstreme personale. P\u00ebrkundrazi, ai ka nd\u00ebrtuar pushtetin e tij p\u00ebrmes kontrollit institucional, manovr\u00ebs politike dhe shmangies s\u00eb p\u00ebrplasjes direkte, jo p\u00ebrmes akteve t\u00eb d\u00ebshp\u00ebruara apo t\u00eb dhunshme.<br \/>\nN\u00ebse Ahmetaj pretendon se Rama ka dashur ta vras\u00eb, at\u00ebher\u00eb lind nj\u00eb pyetje themelore, q\u00eb nuk mund t\u00eb shmanget me retorik\u00eb:<br \/>\nP\u00ebrse nuk e denoncon k\u00ebt\u00eb fakt n\u00eb SPAK?<br \/>\nSPAK \u00ebsht\u00eb institucioni q\u00eb vet\u00eb qeveria e Ram\u00ebs e ka promovuar si simbol t\u00eb drejt\u00ebsis\u00eb s\u00eb re. N\u00ebse nj\u00eb ish, z\u00ebvend\u00ebskryeminist\u00ebr ka prova p\u00ebr nj\u00eb k\u00ebrc\u00ebnim ndaj jet\u00ebs s\u00eb tij nga Kryeministri, at\u00ebher\u00eb heshtja p\u00ebrball\u00eb SPAK-ut nuk \u00ebsht\u00eb akt guximi, por shenj\u00eb e munges\u00ebs s\u00eb provave ose e p\u00ebrdorimit politik t\u00eb frik\u00ebs.<br \/>\nAkuzat e r\u00ebnda k\u00ebrkojn\u00eb p\u00ebrgjegj\u00ebsi po aq t\u00eb r\u00ebnda. N\u00ebse ato nuk shoq\u00ebrohen me kall\u00ebzim penal, dokumente apo fakte konkrete, at\u00ebher\u00eb rrezikojn\u00eb t\u00eb mbeten rr\u00ebfime emocionale p\u00ebr konsum publik, jo denoncime serioze.<br \/>\nPrandaj, dyshimi im nuk \u00ebsht\u00eb selektiv, por racional:<br \/>\nose kemi t\u00eb b\u00ebjm\u00eb me t\u00eb v\u00ebrteta q\u00eb duhet t\u00eb shkojn\u00eb urgjentisht n\u00eb drejt\u00ebsi,<br \/>\nose me nj\u00eb narrativ\u00eb t\u00eb nd\u00ebrtuar p\u00ebr t\u00eb shp\u00ebtuar veten politikisht dhe penalisht.<br \/>\nTiran\u00eb m\u00eb 09.01.2025.<\/p>\n","protected":false},"excerpt":{"rendered":"<p>Nga Fejzo Subashi Dyshimi ndaj akuzave t\u00eb Arben Ahmetajt nuk buron nga besimi te Rama apo te qeveria e tij. P\u00ebr korrupsionin, tenderat apo abuzimet, drejt\u00ebsia duhet t\u00eb flas\u00eb mbi baza faktike. Por ajo q\u00eb nuk mund t\u00eb pranohet \u00ebsht\u00eb nj\u00eb logjik\u00eb e tipit \u201cm\u00eb besoni mua, sepse un\u00eb po e them\u201d. Ahmetaj pretendon se [&hellip;]<\/p>\n","protected":false},"author":5,"featured_media":87273,"comment_status":"closed","ping_status":"closed","sticky":false,"template":"","format":"standard","meta":{"footnotes":""},"categories":[34865,6332],"tags":[39633,36132,39634],"class_list":{"0":"post-94647","1":"post","2":"type-post","3":"status-publish","4":"format-standard","5":"has-post-thumbnail","7":"category-analiza","8":"category-te-fundit","9":"tag-akuza-e-ahmetajt-ndaj-rames","10":"tag-fejzo-subashi","11":"tag-nje-akuze-e-rende-qe-vret-vetveten"},"_links":{"self":[{"href":"https:\/\/jugulajm.net\/index.php?rest_route=\/wp\/v2\/posts\/94647","targetHints":{"allow":["GET"]}}],"collection":[{"href":"https:\/\/jugulajm.net\/index.php?rest_route=\/wp\/v2\/posts"}],"about":[{"href":"https:\/\/jugulajm.net\/index.php?rest_route=\/wp\/v2\/types\/post"}],"author":[{"embeddable":true,"href":"https:\/\/jugulajm.net\/index.php?rest_route=\/wp\/v2\/users\/5"}],"replies":[{"embeddable":true,"href":"https:\/\/jugulajm.net\/index.php?rest_route=%2Fwp%2Fv2%2Fcomments&post=94647"}],"version-history":[{"count":2,"href":"https:\/\/jugulajm.net\/index.php?rest_route=\/wp\/v2\/posts\/94647\/revisions"}],"predecessor-version":[{"id":94649,"href":"https:\/\/jugulajm.net\/index.php?rest_route=\/wp\/v2\/posts\/94647\/revisions\/94649"}],"wp:featuredmedia":[{"embeddable":true,"href":"https:\/\/jugulajm.net\/index.php?rest_route=\/wp\/v2\/media\/87273"}],"wp:attachment":[{"href":"https:\/\/jugulajm.net\/index.php?rest_route=%2Fwp%2Fv2%2Fmedia&parent=94647"}],"wp:term":[{"taxonomy":"category","embeddable":true,"href":"https:\/\/jugulajm.net\/index.php?rest_route=%2Fwp%2Fv2%2Fcategories&post=94647"},{"taxonomy":"post_tag","embeddable":true,"href":"https:\/\/jugulajm.net\/index.php?rest_route=%2Fwp%2Fv2%2Ftags&post=94647"}],"curies":[{"name":"wp","href":"https:\/\/api.w.org\/{rel}","templated":true}]}}