{"id":94620,"date":"2026-01-08T15:59:36","date_gmt":"2026-01-08T14:59:36","guid":{"rendered":"https:\/\/jugulajm.net\/?p=94620"},"modified":"2026-01-08T16:00:00","modified_gmt":"2026-01-08T15:00:00","slug":"itali-shqiptari-30-vjecar-plagos-me-thike-pronarin-e-lokalit-dhe-djalin-e-tij","status":"publish","type":"post","link":"https:\/\/jugulajm.net\/?p=94620","title":{"rendered":"Itali, shqiptari 30-vje\u00e7ar plagos me thik\u00eb pronarin e lokalit dhe djalin e tij"},"content":{"rendered":"<p>Nj\u00eb 30-vje\u00e7ar shqiptar \u00ebsht\u00eb arrestuar nga policia italiane pasi akuzohet se ka plagosur r\u00ebnd\u00eb me thik\u00eb pronarin e nj\u00eb lokali dhe djalin e tij, pas nj\u00eb konflikti q\u00eb nisi p\u00ebr shkak t\u00eb refuzimit t\u00eb sh\u00ebrbimit me alkool.<img loading=\"lazy\" loading=\"lazy\" decoding=\"async\" src=\"https:\/\/ads.adsense.al\/www\/delivery\/lg.php?bannerid=0&amp;campaignid=0&amp;zoneid=186&amp;loc=https%3A%2F%2Fboldnews.al%2F2026%2F01%2F08%2Fshqiptari-plagos-me-thike-pronarin-e-lokalit-dhe-djalin-e-tij-ne-itali%2F%3Ffbclid%3DIwY2xjawPMpHFleHRuA2FlbQIxMQBzcnRjBmFwcF9pZA80MDk5NjI2MjMwODU2MDkAAR51IiLlNjtyxi8i2tKqDtACbT-WLFmOHnyjChjTfW4kDqP3MsWLsIy0t1h4eQ_aem_tTiLEH6RZpcH2_xd9TsdGA&amp;cb=64a2f40673\" alt=\"\" width=\"0\" height=\"0\" \/><\/p>\n<p>Ngjarja e r\u00ebnd\u00eb ndodhi n\u00eb bar-pasti\u00e7erin\u00eb \u201cSan Lorenzo\u201d n\u00eb Via Roma, Occhiobello.<\/p>\n<p>Sipas raportimeve t\u00eb karabinier\u00ebve, shqiptari ka k\u00ebrkuar t\u00eb pij\u00eb m\u00eb shum\u00eb alkool, por stafi vendosi t\u00eb mos e sh\u00ebrbente m\u00eb, p\u00ebr shkak se ndodhej n\u00ebn efektin e pijeve.<\/p>\n<p>Pas debatit, pronari dhe djali i tij \u2013 q\u00eb punonte si kamerier \u2013 e nxor\u00ebn klientin jasht\u00eb ambientit, ku situata degjeneroi n\u00eb dhun\u00eb.<\/p>\n<p>I dyshuari dyshohet se ka goditur me thik\u00eb bab\u00eb e bir, duke l\u00ebn\u00eb m\u00eb t\u00eb plagosur r\u00ebnd\u00eb pronarin e lokalit, i cili mbeti me thik\u00ebn t\u00eb ngulur n\u00eb zon\u00ebn e gjoksit.<\/p>\n","protected":false},"excerpt":{"rendered":"<p>Nj\u00eb 30-vje\u00e7ar shqiptar \u00ebsht\u00eb arrestuar nga policia italiane pasi akuzohet se ka plagosur r\u00ebnd\u00eb me thik\u00eb pronarin e nj\u00eb lokali dhe djalin e tij, pas nj\u00eb konflikti q\u00eb nisi p\u00ebr shkak t\u00eb refuzimit t\u00eb sh\u00ebrbimit me alkool. Ngjarja e r\u00ebnd\u00eb ndodhi n\u00eb bar-pasti\u00e7erin\u00eb \u201cSan Lorenzo\u201d n\u00eb Via Roma, Occhiobello. Sipas raportimeve t\u00eb karabinier\u00ebve, shqiptari ka [&hellip;]<\/p>\n","protected":false},"author":5,"featured_media":60126,"comment_status":"closed","ping_status":"closed","sticky":false,"template":"","format":"standard","meta":{"footnotes":""},"categories":[1,7664,6332],"tags":[26133,39622],"class_list":{"0":"post-94620","1":"post","2":"type-post","3":"status-publish","4":"format-standard","5":"has-post-thumbnail","7":"category-aktualitet","8":"category-bota","9":"category-te-fundit","10":"tag-itali","11":"tag-shqiptari-30-vjecar-plagos-me-thike-pronarin-e-lokalit-dhe-djalin-e-tij"},"_links":{"self":[{"href":"https:\/\/jugulajm.net\/index.php?rest_route=\/wp\/v2\/posts\/94620","targetHints":{"allow":["GET"]}}],"collection":[{"href":"https:\/\/jugulajm.net\/index.php?rest_route=\/wp\/v2\/posts"}],"about":[{"href":"https:\/\/jugulajm.net\/index.php?rest_route=\/wp\/v2\/types\/post"}],"author":[{"embeddable":true,"href":"https:\/\/jugulajm.net\/index.php?rest_route=\/wp\/v2\/users\/5"}],"replies":[{"embeddable":true,"href":"https:\/\/jugulajm.net\/index.php?rest_route=%2Fwp%2Fv2%2Fcomments&post=94620"}],"version-history":[{"count":1,"href":"https:\/\/jugulajm.net\/index.php?rest_route=\/wp\/v2\/posts\/94620\/revisions"}],"predecessor-version":[{"id":94621,"href":"https:\/\/jugulajm.net\/index.php?rest_route=\/wp\/v2\/posts\/94620\/revisions\/94621"}],"wp:featuredmedia":[{"embeddable":true,"href":"https:\/\/jugulajm.net\/index.php?rest_route=\/wp\/v2\/media\/60126"}],"wp:attachment":[{"href":"https:\/\/jugulajm.net\/index.php?rest_route=%2Fwp%2Fv2%2Fmedia&parent=94620"}],"wp:term":[{"taxonomy":"category","embeddable":true,"href":"https:\/\/jugulajm.net\/index.php?rest_route=%2Fwp%2Fv2%2Fcategories&post=94620"},{"taxonomy":"post_tag","embeddable":true,"href":"https:\/\/jugulajm.net\/index.php?rest_route=%2Fwp%2Fv2%2Ftags&post=94620"}],"curies":[{"name":"wp","href":"https:\/\/api.w.org\/{rel}","templated":true}]}}