{"id":94599,"date":"2026-01-08T10:13:09","date_gmt":"2026-01-08T09:13:09","guid":{"rendered":"https:\/\/jugulajm.net\/?p=94599"},"modified":"2026-01-08T10:13:09","modified_gmt":"2026-01-08T09:13:09","slug":"ndahet-nga-jeta-roland-cene-ikona-e-artit-gjirokastrit","status":"publish","type":"post","link":"https:\/\/jugulajm.net\/?p=94599","title":{"rendered":"Ndahet nga jeta Roland \u00c7ene, ikona e artit gjirokastrit"},"content":{"rendered":"<p>Prof.\u00a0Roland \u00c7ene, \u201cMjesht\u00ebr i Madh\u201d, nj\u00eb nga figurat m\u00eb t\u00eb shquara t\u00eb kultur\u00ebs dhe muzik\u00ebs shqiptare, i cili ka l\u00ebn\u00eb nj\u00eb gjurm\u00eb t\u00eb pashlyeshme n\u00eb jet\u00ebn artistike t\u00eb Gjirokastr\u00ebs dhe t\u00eb gjith\u00eb vendit \u00ebsht\u00eb ndar\u00eb nga jeta n\u00eb mosh\u00ebn 80 vje\u00e7are.<\/p>\n<p>Dirigjent, krijues, pedagog, muzikolog dhe publicist, Prof. \u00c7ene dha nj\u00eb kontribut t\u00eb jasht\u00ebzakonsh\u00ebm n\u00eb formimin e brezave t\u00eb rinj dhe n\u00eb ngritjen e koreve e ansambleve artistike.<\/p>\n<p>N\u00eb vitin 1968 ai themeloi korin miks t\u00eb Gjirokastr\u00ebs, i cili funksionoi deri n\u00eb Festivalin e Pest\u00eb Folklorik Komb\u00ebtar (1988), duke u shnd\u00ebrruar n\u00eb nj\u00eb p\u00ebrfaq\u00ebsues dinjitoz t\u00eb interpretimeve korale me frym\u00eb popullore.<\/p>\n<p>Gjat\u00eb veprimtaris\u00eb s\u00eb tij, ai ngriti dhe drejtoi kore t\u00eb shumta n\u00eb Tiran\u00eb, Gjirokast\u00ebr, P\u00ebrmet e m\u00eb gjer\u00eb, si dhe hodhi themelet e nj\u00eb ansambli orkestral q\u00eb m\u00eb von\u00eb u konsolidua n\u00eb orkest\u00ebr simfonike. Prof. Roland \u00c7ene p\u00ebrfaq\u00ebsoi muzik\u00ebn shqiptare n\u00eb shum\u00eb aktivitete brenda dhe jasht\u00eb vendit.<\/p>\n<p>P\u00ebr kontributin e tij t\u00eb \u00e7muar \u00ebsht\u00eb nderuar me titujt \u201cArtist i Merituar\u201d, \u201cMjesht\u00ebr i Madh\u201d, \u201cQytetar Nderi\u201d i Gjirokastr\u00ebs (2006) dhe \u201cNderi i Qarkut\u201d Gjirokast\u00ebr (2012).<\/p>\n","protected":false},"excerpt":{"rendered":"<p>Prof.\u00a0Roland \u00c7ene, \u201cMjesht\u00ebr i Madh\u201d, nj\u00eb nga figurat m\u00eb t\u00eb shquara t\u00eb kultur\u00ebs dhe muzik\u00ebs shqiptare, i cili ka l\u00ebn\u00eb nj\u00eb gjurm\u00eb t\u00eb pashlyeshme n\u00eb jet\u00ebn artistike t\u00eb Gjirokastr\u00ebs dhe t\u00eb gjith\u00eb vendit \u00ebsht\u00eb ndar\u00eb nga jeta n\u00eb mosh\u00ebn 80 vje\u00e7are. Dirigjent, krijues, pedagog, muzikolog dhe publicist, Prof. \u00c7ene dha nj\u00eb kontribut t\u00eb jasht\u00ebzakonsh\u00ebm n\u00eb [&hellip;]<\/p>\n","protected":false},"author":5,"featured_media":94600,"comment_status":"closed","ping_status":"closed","sticky":false,"template":"","format":"standard","meta":{"footnotes":""},"categories":[1,6332,29228],"tags":[39612,39611],"class_list":{"0":"post-94599","1":"post","2":"type-post","3":"status-publish","4":"format-standard","5":"has-post-thumbnail","7":"category-aktualitet","8":"category-te-fundit","9":"category-vendi","10":"tag-ikona-e-artit-gjirokastrit","11":"tag-ndahet-nga-jeta-roland-cene"},"_links":{"self":[{"href":"https:\/\/jugulajm.net\/index.php?rest_route=\/wp\/v2\/posts\/94599","targetHints":{"allow":["GET"]}}],"collection":[{"href":"https:\/\/jugulajm.net\/index.php?rest_route=\/wp\/v2\/posts"}],"about":[{"href":"https:\/\/jugulajm.net\/index.php?rest_route=\/wp\/v2\/types\/post"}],"author":[{"embeddable":true,"href":"https:\/\/jugulajm.net\/index.php?rest_route=\/wp\/v2\/users\/5"}],"replies":[{"embeddable":true,"href":"https:\/\/jugulajm.net\/index.php?rest_route=%2Fwp%2Fv2%2Fcomments&post=94599"}],"version-history":[{"count":1,"href":"https:\/\/jugulajm.net\/index.php?rest_route=\/wp\/v2\/posts\/94599\/revisions"}],"predecessor-version":[{"id":94601,"href":"https:\/\/jugulajm.net\/index.php?rest_route=\/wp\/v2\/posts\/94599\/revisions\/94601"}],"wp:featuredmedia":[{"embeddable":true,"href":"https:\/\/jugulajm.net\/index.php?rest_route=\/wp\/v2\/media\/94600"}],"wp:attachment":[{"href":"https:\/\/jugulajm.net\/index.php?rest_route=%2Fwp%2Fv2%2Fmedia&parent=94599"}],"wp:term":[{"taxonomy":"category","embeddable":true,"href":"https:\/\/jugulajm.net\/index.php?rest_route=%2Fwp%2Fv2%2Fcategories&post=94599"},{"taxonomy":"post_tag","embeddable":true,"href":"https:\/\/jugulajm.net\/index.php?rest_route=%2Fwp%2Fv2%2Ftags&post=94599"}],"curies":[{"name":"wp","href":"https:\/\/api.w.org\/{rel}","templated":true}]}}