{"id":94555,"date":"2026-01-05T15:19:39","date_gmt":"2026-01-05T14:19:39","guid":{"rendered":"https:\/\/jugulajm.net\/?p=94555"},"modified":"2026-01-05T15:21:12","modified_gmt":"2026-01-05T14:21:12","slug":"paralajmerim-i-igjeum-rritje-e-rrezikshme-e-prurjeve-deri-te-enjten-ja-zonat-me-te-prekura","status":"publish","type":"post","link":"https:\/\/jugulajm.net\/?p=94555","title":{"rendered":"Moti\/Paralajm\u00ebrim i IGJEUM: Rritje e rrezikshme e prurjeve deri t\u00eb enjten, ja zonat m\u00eb t\u00eb prekura&#8230;"},"content":{"rendered":"<p>Sot dhe nes\u00ebr priten reshje me intensitet t\u00eb lart\u00eb n\u00eb veri e jug.<\/p>\n<p>N\u00eb nj\u00eb njoftim t\u00eb Institutit t\u00eb Gjeoshkencave, reshjet me intensitet t\u00eb lart\u00eb do t\u00eb p\u00ebrfshijn\u00eb Lezh\u00ebn dhe Shkodr\u00ebn, Kuk\u00ebsi, Vlora dhe Gjirokastra.<\/p>\n<p>Po ashtu raportohet se n\u00eb disa qarqe mund t\u00eb ket\u00eb v\u00ebrshime t\u00eb shpejta t\u00eb lumenjve. Sakaq, n\u00eb zonat urbane mund t\u00eb shfaqen probleme me p\u00ebrmbytjet.<\/p>\n<p>Sot pasdite (e h\u00ebn\u00eb, dt. 05) dhe nes\u00ebr (e mart\u00eb, dt. 06) priten reshje me intensitet t\u00eb lart\u00eb kryesisht n\u00eb veri dhe jug t\u00eb vendit. N\u00eb qarqet Shkod\u00ebr, Kuk\u00ebs, Lezh\u00eb, Vlor\u00eb dhe Gjirokast\u00ebr mund t\u00eb ket\u00eb v\u00ebrshime t\u00eb shpejta t\u00eb lumenjve t\u00eb vegj\u00ebl malor\u00eb dhe rr\u00ebshqitje t\u00eb dherave. N\u00eb zonat urbane, n\u00eb k\u00ebto qarqe mund t\u00eb shfaqen probleme me p\u00ebrmbytje t\u00eb lokalizuara, n\u00eb var\u00ebsi t\u00eb gj\u00ebndjes s\u00eb kanalizimeve.<\/p>\n<p>Sipas llogaritjeve hidrologjike t\u00eb IGJEO-s, si rezultat i reshjeve me intensitet t\u00eb lart\u00eb t\u00eb r\u00ebna gjat\u00eb dit\u00ebve t\u00eb kaluara, t\u00eb cilat do t\u00eb vazhdojn\u00eb deri dit\u00ebn e Enjte dt.08 Janar, do t\u00eb ket\u00eb rritje t\u00eb rrezikshme t\u00eb prurjeve dhe niveleve n\u00eb lumenjt\u00eb Drin-Buna, Liqeni Shkodr\u00ebs, lumi Mat, Shkumbin dhe Vjos\u00eb.<\/p>\n<p>Lumi Drin-Buna dhe Liqeni i Shkodr\u00ebs do t\u00eb ken\u00eb rrezik t\u00eb shtuar p\u00ebr p\u00ebrmbytje me prurje dhe nivele t\u00eb larta n\u00eb vazhdim t\u00eb dit\u00ebs s\u00eb sotme dhe t\u00eb nes\u00ebrme.<\/p>\n<p>Nes\u00ebr (e mart\u00eb, dt. 06) temperaturat minimale dhe maksimale t\u00eb ajrit pritet t\u00eb arrijn\u00eb:<br \/>\nn\u00eb bregdet: 13\/ 17 \u00b0C<br \/>\nn\u00eb vendet e ul\u00ebta: 12 \/ 17 \u00b0C<br \/>\nn\u00eb vendet malore: 5 \/ 11 \u00b0C<br \/>\nERA<br \/>\nSot pasdite (e h\u00ebn\u00eb, dt. 05) dhe nes\u00ebr (e mart\u00eb, dt. 06) era pritet t\u00eb fryj\u00eb mesatare deri e fort\u00eb n\u00eb bregdet dhe n\u00eb veri.<\/p>\n","protected":false},"excerpt":{"rendered":"<p>Sot dhe nes\u00ebr priten reshje me intensitet t\u00eb lart\u00eb n\u00eb veri e jug. N\u00eb nj\u00eb njoftim t\u00eb Institutit t\u00eb Gjeoshkencave, reshjet me intensitet t\u00eb lart\u00eb do t\u00eb p\u00ebrfshijn\u00eb Lezh\u00ebn dhe Shkodr\u00ebn, Kuk\u00ebsi, Vlora dhe Gjirokastra. Po ashtu raportohet se n\u00eb disa qarqe mund t\u00eb ket\u00eb v\u00ebrshime t\u00eb shpejta t\u00eb lumenjve. Sakaq, n\u00eb zonat urbane mund [&hellip;]<\/p>\n","protected":false},"author":5,"featured_media":55213,"comment_status":"closed","ping_status":"closed","sticky":false,"template":"","format":"standard","meta":{"footnotes":""},"categories":[7650,6332,29228],"tags":[39591,39590],"class_list":{"0":"post-94555","1":"post","2":"type-post","3":"status-publish","4":"format-standard","5":"has-post-thumbnail","7":"category-moti","8":"category-te-fundit","9":"category-vendi","10":"tag-ja-zonat-me-te-prekura","11":"tag-paralajmerim-i-igjeum-rritje-e-rrezikshme-e-prurjeve-deri-te-enjten"},"_links":{"self":[{"href":"https:\/\/jugulajm.net\/index.php?rest_route=\/wp\/v2\/posts\/94555","targetHints":{"allow":["GET"]}}],"collection":[{"href":"https:\/\/jugulajm.net\/index.php?rest_route=\/wp\/v2\/posts"}],"about":[{"href":"https:\/\/jugulajm.net\/index.php?rest_route=\/wp\/v2\/types\/post"}],"author":[{"embeddable":true,"href":"https:\/\/jugulajm.net\/index.php?rest_route=\/wp\/v2\/users\/5"}],"replies":[{"embeddable":true,"href":"https:\/\/jugulajm.net\/index.php?rest_route=%2Fwp%2Fv2%2Fcomments&post=94555"}],"version-history":[{"count":3,"href":"https:\/\/jugulajm.net\/index.php?rest_route=\/wp\/v2\/posts\/94555\/revisions"}],"predecessor-version":[{"id":94560,"href":"https:\/\/jugulajm.net\/index.php?rest_route=\/wp\/v2\/posts\/94555\/revisions\/94560"}],"wp:featuredmedia":[{"embeddable":true,"href":"https:\/\/jugulajm.net\/index.php?rest_route=\/wp\/v2\/media\/55213"}],"wp:attachment":[{"href":"https:\/\/jugulajm.net\/index.php?rest_route=%2Fwp%2Fv2%2Fmedia&parent=94555"}],"wp:term":[{"taxonomy":"category","embeddable":true,"href":"https:\/\/jugulajm.net\/index.php?rest_route=%2Fwp%2Fv2%2Fcategories&post=94555"},{"taxonomy":"post_tag","embeddable":true,"href":"https:\/\/jugulajm.net\/index.php?rest_route=%2Fwp%2Fv2%2Ftags&post=94555"}],"curies":[{"name":"wp","href":"https:\/\/api.w.org\/{rel}","templated":true}]}}