{"id":94516,"date":"2026-01-03T13:55:18","date_gmt":"2026-01-03T12:55:18","guid":{"rendered":"https:\/\/jugulajm.net\/?p=94516"},"modified":"2026-01-03T13:55:18","modified_gmt":"2026-01-03T12:55:18","slug":"greqi-shqiptari-42-vjecar-humb-jeten-ne-aksident-ishte-ne-timon-kur","status":"publish","type":"post","link":"https:\/\/jugulajm.net\/?p=94516","title":{"rendered":"Greqi, shqiptari 42-vje\u00e7ar humb jet\u00ebn n\u00eb aksident, ishte n\u00eb timon kur&#8230;"},"content":{"rendered":"<p>Nj\u00eb aksident tragjik rrugor ndodhi pasditen e 1 janarit n\u00eb Greqi, ku nj\u00eb shqiptar 42-vje\u00e7ar humbi jet\u00ebn.<\/p>\n<p>Ngjarja ndodhi rreth or\u00ebs 18:30 n\u00eb provinc\u00ebn Makrychori\u2013Gonnon, kur automjeti i tij doli nga rruga dhe u p\u00ebrplas me nj\u00eb makin\u00eb tjet\u00ebr, t\u00eb drejtuar nga nj\u00eb 24-vje\u00e7ar vendas.<\/p>\n<p>Pas p\u00ebrplasjes, t\u00eb dy drejtuesit e mjeteve p\u00ebsuan l\u00ebndime t\u00eb r\u00ebnda dhe u transportuan menj\u00ebher\u00eb n\u00eb Spitalin Universitar t\u00eb Laris\u00ebs me ndihm\u00ebn e ambulancave t\u00eb sh\u00ebrbimit t\u00eb urgjenc\u00ebs EKAB.<\/p>\n<p>Megjith\u00eb p\u00ebrpjekjet mjek\u00ebsore, 42-vje\u00e7ari nga Gonnosi nuk arriti t\u2019i mbijetoj\u00eb plag\u00ebve dhe nd\u00ebrron jet\u00eb rreth or\u00ebs 02:00 t\u00eb m\u00ebngjesit t\u00eb enjtes.<\/p>\n<p>Autoritetet greke kan\u00eb nisur hetimet p\u00ebr t\u00eb zbardhur shkaqet e plota t\u00eb aksidentit.<\/p>\n<p>Ngjarja ka tronditur komunitetin lokal dhe ka sjell\u00eb nj\u00eb reflektim mbi sigurin\u00eb rrugore n\u00eb k\u00ebt\u00eb zon\u00eb.<\/p>\n","protected":false},"excerpt":{"rendered":"<p>Nj\u00eb aksident tragjik rrugor ndodhi pasditen e 1 janarit n\u00eb Greqi, ku nj\u00eb shqiptar 42-vje\u00e7ar humbi jet\u00ebn. Ngjarja ndodhi rreth or\u00ebs 18:30 n\u00eb provinc\u00ebn Makrychori\u2013Gonnon, kur automjeti i tij doli nga rruga dhe u p\u00ebrplas me nj\u00eb makin\u00eb tjet\u00ebr, t\u00eb drejtuar nga nj\u00eb 24-vje\u00e7ar vendas. Pas p\u00ebrplasjes, t\u00eb dy drejtuesit e mjeteve p\u00ebsuan l\u00ebndime t\u00eb [&hellip;]<\/p>\n","protected":false},"author":5,"featured_media":56952,"comment_status":"closed","ping_status":"closed","sticky":false,"template":"","format":"standard","meta":{"footnotes":""},"categories":[1,6332],"tags":[26537,39413,39565],"class_list":{"0":"post-94516","1":"post","2":"type-post","3":"status-publish","4":"format-standard","5":"has-post-thumbnail","7":"category-aktualitet","8":"category-te-fundit","9":"tag-greqi","10":"tag-ishte-ne-timon-kur","11":"tag-shqiptari-42-vjecar-humb-jeten-ne-aksident"},"_links":{"self":[{"href":"https:\/\/jugulajm.net\/index.php?rest_route=\/wp\/v2\/posts\/94516","targetHints":{"allow":["GET"]}}],"collection":[{"href":"https:\/\/jugulajm.net\/index.php?rest_route=\/wp\/v2\/posts"}],"about":[{"href":"https:\/\/jugulajm.net\/index.php?rest_route=\/wp\/v2\/types\/post"}],"author":[{"embeddable":true,"href":"https:\/\/jugulajm.net\/index.php?rest_route=\/wp\/v2\/users\/5"}],"replies":[{"embeddable":true,"href":"https:\/\/jugulajm.net\/index.php?rest_route=%2Fwp%2Fv2%2Fcomments&post=94516"}],"version-history":[{"count":1,"href":"https:\/\/jugulajm.net\/index.php?rest_route=\/wp\/v2\/posts\/94516\/revisions"}],"predecessor-version":[{"id":94517,"href":"https:\/\/jugulajm.net\/index.php?rest_route=\/wp\/v2\/posts\/94516\/revisions\/94517"}],"wp:featuredmedia":[{"embeddable":true,"href":"https:\/\/jugulajm.net\/index.php?rest_route=\/wp\/v2\/media\/56952"}],"wp:attachment":[{"href":"https:\/\/jugulajm.net\/index.php?rest_route=%2Fwp%2Fv2%2Fmedia&parent=94516"}],"wp:term":[{"taxonomy":"category","embeddable":true,"href":"https:\/\/jugulajm.net\/index.php?rest_route=%2Fwp%2Fv2%2Fcategories&post=94516"},{"taxonomy":"post_tag","embeddable":true,"href":"https:\/\/jugulajm.net\/index.php?rest_route=%2Fwp%2Fv2%2Ftags&post=94516"}],"curies":[{"name":"wp","href":"https:\/\/api.w.org\/{rel}","templated":true}]}}