{"id":94476,"date":"2026-01-02T13:27:38","date_gmt":"2026-01-02T12:27:38","guid":{"rendered":"https:\/\/jugulajm.net\/?p=94476"},"modified":"2026-01-02T13:28:19","modified_gmt":"2026-01-02T12:28:19","slug":"zbardhja-e-vrasjes-se-67-vjecarit-reagon-proda-keto-rezultate-dekurajojne-veprimtarine-kriminale","status":"publish","type":"post","link":"https:\/\/jugulajm.net\/?p=94476","title":{"rendered":"Zbardhja e vrasjes s\u00eb 67-vje\u00e7arit, reagon Proda: K\u00ebto rezultate dekurajojn\u00eb veprimtarin\u00eb kriminale"},"content":{"rendered":"<p>Drejtori i P\u00ebrgjithsh\u00ebm i Policis\u00eb s\u00eb Shtetit, Drejtues Madhor, Ilir Proda, ka reaguar pas zbardhjes s\u00eb vrasjes s\u00eb 67-vje\u00e7arit, Hysni Ymeri, m\u00eb 29 dhjetor n\u00eb lagjen \u201cManush Alimani\u201d n\u00eb Shkod\u00ebr. Proda ka p\u00ebrg\u00ebzuar strukturat hetimore t\u00eb policis\u00eb Shkod\u00ebr p\u00ebr zbardhjen e ngjarjes dhe p\u00ebr bashk\u00ebpunimin dhe koordinimin mjaft efikas me Prokurorin\u00eb e Shkodr\u00ebs.<\/p>\n<p>Ai theksoi se zbardhja e k\u00ebsaj ngjarje dekurajon veprimtarin\u00eb kriminale dhe forcon m\u00eb tej besimin e qytetar\u00ebve te Policia e Shtetit.<\/p>\n<p><em>\u201cFal\u00ebnderoj dhe p\u00ebrg\u00ebzoj publikisht Drejtorin\u00eb Vendore t\u00eb Policis\u00eb Shkod\u00ebr, strukturat hetimore dhe t\u00eb gjitha forcat e angazhuara, si dhe Prokurorin\u00eb, p\u00ebr bashk\u00ebpunimin e ngusht\u00eb dhe profesional q\u00eb \u00e7oi n\u00eb zbardhjen e nj\u00eb ngjarjeje t\u00eb r\u00ebnd\u00eb kriminale, t\u00eb kryer me p\u00ebrdorimin e l\u00ebnd\u00ebs eksplozive t\u00eb komanduar n\u00eb distanc\u00eb.<\/em><\/p>\n<p><em>Ky \u00ebsht\u00eb nj\u00eb nga rastet ku pasqyrohet puna serioze dhe profesionale, e koordinuar dhe k\u00ebmb\u00ebngul\u00ebse e Policis\u00eb s\u00eb Shtetit, n\u00eb bashk\u00ebpunim t\u00eb plot\u00eb me organin e akuz\u00ebs.<\/em><\/p>\n<p><em>K\u00ebto rezultate dekurajojn\u00eb veprimtarin\u00eb kriminale dhe forcojn\u00eb m\u00eb tej besimin e qytetar\u00ebve te Policia e Shtetit, e cila do t\u00eb vijoj\u00eb t\u00eb jet\u00eb e vendosur n\u00eb misionin e saj p\u00ebr garantimin e rendit, siguris\u00eb, jet\u00ebs, dhe pron\u00ebs s\u00eb qytetar\u00ebve.\u201d, deklaroi Proda.<\/em><\/p>\n<p>Kat\u00ebr persona u arrestuan nga policia pasi dyshohet se jan\u00eb paguar p\u00ebr t\u00eb vendosur l\u00ebnd\u00ebn eksplozive (e dyshuar me telekomandim n\u00eb distanc\u00eb), dhe kan\u00eb shp\u00ebrthyer\u00a0panelin elektrik\u00a0t\u00eb pallatit ku banonte 67-vje\u00e7ari.<\/p>\n","protected":false},"excerpt":{"rendered":"<p>Drejtori i P\u00ebrgjithsh\u00ebm i Policis\u00eb s\u00eb Shtetit, Drejtues Madhor, Ilir Proda, ka reaguar pas zbardhjes s\u00eb vrasjes s\u00eb 67-vje\u00e7arit, Hysni Ymeri, m\u00eb 29 dhjetor n\u00eb lagjen \u201cManush Alimani\u201d n\u00eb Shkod\u00ebr. Proda ka p\u00ebrg\u00ebzuar strukturat hetimore t\u00eb policis\u00eb Shkod\u00ebr p\u00ebr zbardhjen e ngjarjes dhe p\u00ebr bashk\u00ebpunimin dhe koordinimin mjaft efikas me Prokurorin\u00eb e Shkodr\u00ebs. Ai theksoi [&hellip;]<\/p>\n","protected":false},"author":5,"featured_media":79330,"comment_status":"closed","ping_status":"closed","sticky":false,"template":"","format":"standard","meta":{"footnotes":""},"categories":[1,6332,29228],"tags":[39549,39548],"class_list":{"0":"post-94476","1":"post","2":"type-post","3":"status-publish","4":"format-standard","5":"has-post-thumbnail","7":"category-aktualitet","8":"category-te-fundit","9":"category-vendi","10":"tag-reagon-proda-keto-rezultate-dekurajojne-veprimtarine-kriminale","11":"tag-zbardhja-e-vrasjes-se-67-vjecarit"},"_links":{"self":[{"href":"https:\/\/jugulajm.net\/index.php?rest_route=\/wp\/v2\/posts\/94476","targetHints":{"allow":["GET"]}}],"collection":[{"href":"https:\/\/jugulajm.net\/index.php?rest_route=\/wp\/v2\/posts"}],"about":[{"href":"https:\/\/jugulajm.net\/index.php?rest_route=\/wp\/v2\/types\/post"}],"author":[{"embeddable":true,"href":"https:\/\/jugulajm.net\/index.php?rest_route=\/wp\/v2\/users\/5"}],"replies":[{"embeddable":true,"href":"https:\/\/jugulajm.net\/index.php?rest_route=%2Fwp%2Fv2%2Fcomments&post=94476"}],"version-history":[{"count":2,"href":"https:\/\/jugulajm.net\/index.php?rest_route=\/wp\/v2\/posts\/94476\/revisions"}],"predecessor-version":[{"id":94478,"href":"https:\/\/jugulajm.net\/index.php?rest_route=\/wp\/v2\/posts\/94476\/revisions\/94478"}],"wp:featuredmedia":[{"embeddable":true,"href":"https:\/\/jugulajm.net\/index.php?rest_route=\/wp\/v2\/media\/79330"}],"wp:attachment":[{"href":"https:\/\/jugulajm.net\/index.php?rest_route=%2Fwp%2Fv2%2Fmedia&parent=94476"}],"wp:term":[{"taxonomy":"category","embeddable":true,"href":"https:\/\/jugulajm.net\/index.php?rest_route=%2Fwp%2Fv2%2Fcategories&post=94476"},{"taxonomy":"post_tag","embeddable":true,"href":"https:\/\/jugulajm.net\/index.php?rest_route=%2Fwp%2Fv2%2Ftags&post=94476"}],"curies":[{"name":"wp","href":"https:\/\/api.w.org\/{rel}","templated":true}]}}