{"id":94414,"date":"2025-12-30T16:46:37","date_gmt":"2025-12-30T15:46:37","guid":{"rendered":"https:\/\/jugulajm.net\/?p=94414"},"modified":"2025-12-30T16:46:37","modified_gmt":"2025-12-30T15:46:37","slug":"foto-shoqata-profesionistet-e-lire-per-shqiperine-i-jep-titullin-anetar-nderi-drejtorit-te-pergjithshem-ilir-proda","status":"publish","type":"post","link":"https:\/\/jugulajm.net\/?p=94414","title":{"rendered":"FOTO\/ Shoqata \u201cProfesionist\u00ebt e Lir\u00eb p\u00ebr Shqip\u00ebrin\u00eb\u201d i jep titullin \u201cAn\u00ebtar Nderi\u201d, Drejtorit t\u00eb P\u00ebrgjithsh\u00ebm Ilir Proda"},"content":{"rendered":"<p>Shoqata \u201cProfesionist\u00ebt e Lir\u00eb p\u00ebr Shqip\u00ebrin\u00eb\u201d i akordon titullin \u201cAn\u00ebtar Nderi\u201d, Drejtorit t\u00eb P\u00ebrgjithsh\u00ebm t\u00eb Policis\u00eb s\u00eb Shtetit, Drejtues Madhor Ilir Proda.<\/p>\n<p>N\u00ebp\u00ebrmjet titullit t\u00eb akorduar Drejtorit t\u00eb P\u00ebrgjithsh\u00ebm, shoqata vler\u00ebsoi pun\u00ebn e mir\u00eb t\u00eb Policis\u00eb s\u00eb Shtetit, si dhe p\u00ebrkushtimin dhe profesionalizmin e saj.<\/p>\n<p>Nj\u00eb vler\u00ebsim i till\u00eb, praktik\u00eb e ProAlbNGO, m\u00eb her\u00ebt, iu \u00ebsht\u00eb akorduar p\u00ebr kontribut, eurodeputet\u00ebve, senatit italian, rajonit t\u00eb Lazios, etj.<\/p>\n<p>Kryetari i Shoqat\u00ebs, z. Fatjon Softa, fal\u00ebnderoi Drejtor Prod\u00ebn, p\u00ebr mb\u00ebshtetjen e dh\u00ebn\u00eb p\u00ebr emisionin \u201cAlo Policia \u2013 Siguria n\u00eb Fokus\u201d, si hap\u00ebsir\u00eb komunikimi q\u00eb lidh qytetar\u00ebt, me sh\u00ebrbimet e Policis\u00eb, si dhe p\u00ebr bashk\u00ebpunimin n\u00eb kuad\u00ebr t\u00eb institucioneve t\u00eb siguris\u00eb publike, si dritare komunikimi q\u00eb sjell pran\u00eb qytetar\u00ebve, sh\u00ebrbimet, p\u00ebrkushtimin dhe sakrificat e t\u00eb gjith\u00eb punonj\u00ebsve t\u00eb Policis\u00eb s\u00eb Shtetit.<\/p>\n<p>Drejtori i P\u00ebrgjithsh\u00ebm i Policis\u00eb s\u00eb Shtetit, Ilir Proda vler\u00ebsoi r\u00ebnd\u00ebsin\u00eb e medias, si ur\u00eb lidh\u00ebse mes Policis\u00eb dhe qytetar\u00ebve, si dhe rolin e emisionit \u201cAlo Policia\u201d, p\u00ebr pasqyrimin e pun\u00ebs dhe sakrific\u00ebs s\u00eb qindra, mij\u00ebra djemve dhe vajzave, grave dhe burrave, q\u00eb sh\u00ebrbejn\u00eb \u00e7do dit\u00eb p\u00ebr garantimin e rendit dhe siguris\u00eb, si dhe p\u00ebr parandalimin dhe luftimin e paligjshm\u00ebrive.<\/p>\n<p>T\u00eb pranish\u00ebm gjat\u00eb takimit ishin edhe z. Igli Zepishta dhe zj. Blerta Lata, drejtues t\u00eb shoqat\u00ebs, t\u00eb cil\u00ebt shpreh\u00ebn vler\u00ebsim p\u00ebr reagimin dhe profesionalizmin e Policis\u00eb n\u00eb ndihm\u00eb t\u00eb qytetar\u00ebve.<\/p>\n<p id=\"\"><img loading=\"lazy\" loading=\"lazy\" decoding=\"async\" class=\"alignnone size-medium wp-image-63909\" src=\"https:\/\/asp.gov.al\/wp-content\/uploads\/2025\/12\/WhatsApp-Image-2025-12-30-at-1.53.01-PM-300x200.jpeg\" sizes=\"auto, (max-width: 300px) 100vw, 300px\" srcset=\"https:\/\/asp.gov.al\/wp-content\/uploads\/2025\/12\/WhatsApp-Image-2025-12-30-at-1.53.01-PM-300x200.jpeg 300w, https:\/\/asp.gov.al\/wp-content\/uploads\/2025\/12\/WhatsApp-Image-2025-12-30-at-1.53.01-PM-1024x682.jpeg 1024w, https:\/\/asp.gov.al\/wp-content\/uploads\/2025\/12\/WhatsApp-Image-2025-12-30-at-1.53.01-PM-768x512.jpeg 768w, https:\/\/asp.gov.al\/wp-content\/uploads\/2025\/12\/WhatsApp-Image-2025-12-30-at-1.53.01-PM.jpeg 1280w\" alt=\"\" width=\"300\" height=\"200\" \/><\/p>\n<p id=\"\"><img loading=\"lazy\" loading=\"lazy\" decoding=\"async\" class=\"alignnone size-medium wp-image-63910\" src=\"https:\/\/asp.gov.al\/wp-content\/uploads\/2025\/12\/WhatsApp-Image-2025-12-30-at-1.53.01-PM-1-300x200.jpeg\" sizes=\"auto, (max-width: 300px) 100vw, 300px\" srcset=\"https:\/\/asp.gov.al\/wp-content\/uploads\/2025\/12\/WhatsApp-Image-2025-12-30-at-1.53.01-PM-1-300x200.jpeg 300w, https:\/\/asp.gov.al\/wp-content\/uploads\/2025\/12\/WhatsApp-Image-2025-12-30-at-1.53.01-PM-1-1024x682.jpeg 1024w, https:\/\/asp.gov.al\/wp-content\/uploads\/2025\/12\/WhatsApp-Image-2025-12-30-at-1.53.01-PM-1-768x512.jpeg 768w, https:\/\/asp.gov.al\/wp-content\/uploads\/2025\/12\/WhatsApp-Image-2025-12-30-at-1.53.01-PM-1.jpeg 1280w\" alt=\"\" width=\"300\" height=\"200\" \/><\/p>\n<p id=\"\"><img loading=\"lazy\" loading=\"lazy\" decoding=\"async\" class=\"alignnone size-medium wp-image-63911\" src=\"https:\/\/asp.gov.al\/wp-content\/uploads\/2025\/12\/WhatsApp-Image-2025-12-30-at-1.53.02-PM-300x200.jpeg\" sizes=\"auto, (max-width: 300px) 100vw, 300px\" srcset=\"https:\/\/asp.gov.al\/wp-content\/uploads\/2025\/12\/WhatsApp-Image-2025-12-30-at-1.53.02-PM-300x200.jpeg 300w, https:\/\/asp.gov.al\/wp-content\/uploads\/2025\/12\/WhatsApp-Image-2025-12-30-at-1.53.02-PM-1024x682.jpeg 1024w, https:\/\/asp.gov.al\/wp-content\/uploads\/2025\/12\/WhatsApp-Image-2025-12-30-at-1.53.02-PM-768x512.jpeg 768w, https:\/\/asp.gov.al\/wp-content\/uploads\/2025\/12\/WhatsApp-Image-2025-12-30-at-1.53.02-PM.jpeg 1280w\" alt=\"\" width=\"300\" height=\"200\" \/><\/p>\n","protected":false},"excerpt":{"rendered":"<p>Shoqata \u201cProfesionist\u00ebt e Lir\u00eb p\u00ebr Shqip\u00ebrin\u00eb\u201d i akordon titullin \u201cAn\u00ebtar Nderi\u201d, Drejtorit t\u00eb P\u00ebrgjithsh\u00ebm t\u00eb Policis\u00eb s\u00eb Shtetit, Drejtues Madhor Ilir Proda. N\u00ebp\u00ebrmjet titullit t\u00eb akorduar Drejtorit t\u00eb P\u00ebrgjithsh\u00ebm, shoqata vler\u00ebsoi pun\u00ebn e mir\u00eb t\u00eb Policis\u00eb s\u00eb Shtetit, si dhe p\u00ebrkushtimin dhe profesionalizmin e saj. Nj\u00eb vler\u00ebsim i till\u00eb, praktik\u00eb e ProAlbNGO, m\u00eb her\u00ebt, iu [&hellip;]<\/p>\n","protected":false},"author":5,"featured_media":94415,"comment_status":"closed","ping_status":"closed","sticky":false,"template":"","format":"standard","meta":{"footnotes":""},"categories":[1,6332],"tags":[39521,39520],"class_list":{"0":"post-94414","1":"post","2":"type-post","3":"status-publish","4":"format-standard","5":"has-post-thumbnail","7":"category-aktualitet","8":"category-te-fundit","9":"tag-drejtorit-te-pergjithshem-ilir-proda","10":"tag-foto-shoqata-profesionistet-e-lire-per-shqiperine-i-jep-titullin-anetar-nderi"},"_links":{"self":[{"href":"https:\/\/jugulajm.net\/index.php?rest_route=\/wp\/v2\/posts\/94414","targetHints":{"allow":["GET"]}}],"collection":[{"href":"https:\/\/jugulajm.net\/index.php?rest_route=\/wp\/v2\/posts"}],"about":[{"href":"https:\/\/jugulajm.net\/index.php?rest_route=\/wp\/v2\/types\/post"}],"author":[{"embeddable":true,"href":"https:\/\/jugulajm.net\/index.php?rest_route=\/wp\/v2\/users\/5"}],"replies":[{"embeddable":true,"href":"https:\/\/jugulajm.net\/index.php?rest_route=%2Fwp%2Fv2%2Fcomments&post=94414"}],"version-history":[{"count":1,"href":"https:\/\/jugulajm.net\/index.php?rest_route=\/wp\/v2\/posts\/94414\/revisions"}],"predecessor-version":[{"id":94416,"href":"https:\/\/jugulajm.net\/index.php?rest_route=\/wp\/v2\/posts\/94414\/revisions\/94416"}],"wp:featuredmedia":[{"embeddable":true,"href":"https:\/\/jugulajm.net\/index.php?rest_route=\/wp\/v2\/media\/94415"}],"wp:attachment":[{"href":"https:\/\/jugulajm.net\/index.php?rest_route=%2Fwp%2Fv2%2Fmedia&parent=94414"}],"wp:term":[{"taxonomy":"category","embeddable":true,"href":"https:\/\/jugulajm.net\/index.php?rest_route=%2Fwp%2Fv2%2Fcategories&post=94414"},{"taxonomy":"post_tag","embeddable":true,"href":"https:\/\/jugulajm.net\/index.php?rest_route=%2Fwp%2Fv2%2Ftags&post=94414"}],"curies":[{"name":"wp","href":"https:\/\/api.w.org\/{rel}","templated":true}]}}