{"id":94404,"date":"2025-12-30T12:22:37","date_gmt":"2025-12-30T11:22:37","guid":{"rendered":"https:\/\/jugulajm.net\/?p=94404"},"modified":"2025-12-30T12:22:37","modified_gmt":"2025-12-30T11:22:37","slug":"kryeministri-rama-do-prodhojme-drone-mjete-te-blinduara-e-sisteme-antidrone","status":"publish","type":"post","link":"https:\/\/jugulajm.net\/?p=94404","title":{"rendered":"Kryeministri Rama: Do prodhojm\u00eb dron\u00eb, mjete t\u00eb blinduara e sisteme antidron\u00eb&#8230;"},"content":{"rendered":"<p>Kryeministri Edi Rama gjat\u00eb fjal\u00ebs s\u00eb tij n\u00eb konferenc\u00ebn e fundvitit ka deklaruar, se Shqip\u00ebria do t\u00eb prodhoj\u00eb mjete t\u00eb blinduara, dron\u00eb luftarak\u00eb dhe sisteme antidron\u00eb. Rama u shpreh se n\u00eb 6 mujorin e par\u00eb t\u00eb 2026 do shihen edhe produktet e para.<\/p>\n<p>\u201cShqip\u00ebria vend prodhues i kapaciteteve ushtarake, por edhe t\u00eb eksportoj\u00eb kapacitete industriale ushtarake. Jan\u00eb hedhur themelet e industris\u00eb s\u00eb mbrojtjes Made in Albania. Do prodhojm\u00eb uniformat n\u00eb vendin ton\u00eb dhe do ta b\u00ebjm\u00eb pik\u00eb referime p\u00ebr t\u00eb prodhuar uniforma edhe p\u00ebr t\u00eb tjer\u00ebt.<\/p>\n<p>Ushtria suedeze qep nj\u00eb pjes\u00eb t\u00eb uniformave t\u00eb veta n\u00eb Shqip\u00ebri, por me nj\u00eb marr\u00ebveshje kontraktuale me nj\u00eb manifaktur\u00eb private. Do prodhojm\u00eb mjete t\u00eb blinduara, autoambulanca, do prodhojm\u00eb dron\u00eb luftarak dhe sistemet antidron\u00eb.<\/p>\n<p>6 mujorin e par\u00eb t\u00eb 2026 do shihen dhe produktet e para. \u00a0Na akuzojn\u00eb p\u00ebr nj\u00eb kompani shtet\u00ebrore q\u00eb kemi ngritur p\u00ebr shtetin, e kemi ngritur q\u00eb n\u00eb \u00e7do lloj qasje nga t\u00eb huajt n\u00eb Shqip\u00ebri, shteti yn\u00eb t\u00eb marr\u00eb pjes\u00ebn e vet, jo si\u00e7 ndodhte m\u00eb par\u00eb, por tenxheret zien. Kemi v\u00ebn\u00eb n\u00eb dispozicion fondin p\u00ebr t\u00eb bler\u00eb dy avion\u00ebt e par\u00eb zjarrfik\u00ebs\u201d, tha kryeministri Rama.<\/p>\n","protected":false},"excerpt":{"rendered":"<p>Kryeministri Edi Rama gjat\u00eb fjal\u00ebs s\u00eb tij n\u00eb konferenc\u00ebn e fundvitit ka deklaruar, se Shqip\u00ebria do t\u00eb prodhoj\u00eb mjete t\u00eb blinduara, dron\u00eb luftarak\u00eb dhe sisteme antidron\u00eb. Rama u shpreh se n\u00eb 6 mujorin e par\u00eb t\u00eb 2026 do shihen edhe produktet e para. \u201cShqip\u00ebria vend prodhues i kapaciteteve ushtarake, por edhe t\u00eb eksportoj\u00eb kapacitete industriale [&hellip;]<\/p>\n","protected":false},"author":5,"featured_media":75048,"comment_status":"closed","ping_status":"closed","sticky":false,"template":"","format":"standard","meta":{"footnotes":""},"categories":[6326,6332,29228],"tags":[39517,39518],"class_list":{"0":"post-94404","1":"post","2":"type-post","3":"status-publish","4":"format-standard","5":"has-post-thumbnail","7":"category-politike","8":"category-te-fundit","9":"category-vendi","10":"tag-kryeministri-rama-do-prodhojme-drone","11":"tag-mjete-te-blinduara-e-sisteme-antidrone"},"_links":{"self":[{"href":"https:\/\/jugulajm.net\/index.php?rest_route=\/wp\/v2\/posts\/94404","targetHints":{"allow":["GET"]}}],"collection":[{"href":"https:\/\/jugulajm.net\/index.php?rest_route=\/wp\/v2\/posts"}],"about":[{"href":"https:\/\/jugulajm.net\/index.php?rest_route=\/wp\/v2\/types\/post"}],"author":[{"embeddable":true,"href":"https:\/\/jugulajm.net\/index.php?rest_route=\/wp\/v2\/users\/5"}],"replies":[{"embeddable":true,"href":"https:\/\/jugulajm.net\/index.php?rest_route=%2Fwp%2Fv2%2Fcomments&post=94404"}],"version-history":[{"count":1,"href":"https:\/\/jugulajm.net\/index.php?rest_route=\/wp\/v2\/posts\/94404\/revisions"}],"predecessor-version":[{"id":94405,"href":"https:\/\/jugulajm.net\/index.php?rest_route=\/wp\/v2\/posts\/94404\/revisions\/94405"}],"wp:featuredmedia":[{"embeddable":true,"href":"https:\/\/jugulajm.net\/index.php?rest_route=\/wp\/v2\/media\/75048"}],"wp:attachment":[{"href":"https:\/\/jugulajm.net\/index.php?rest_route=%2Fwp%2Fv2%2Fmedia&parent=94404"}],"wp:term":[{"taxonomy":"category","embeddable":true,"href":"https:\/\/jugulajm.net\/index.php?rest_route=%2Fwp%2Fv2%2Fcategories&post=94404"},{"taxonomy":"post_tag","embeddable":true,"href":"https:\/\/jugulajm.net\/index.php?rest_route=%2Fwp%2Fv2%2Ftags&post=94404"}],"curies":[{"name":"wp","href":"https:\/\/api.w.org\/{rel}","templated":true}]}}