{"id":94369,"date":"2025-12-28T19:18:36","date_gmt":"2025-12-28T18:18:36","guid":{"rendered":"https:\/\/jugulajm.net\/?p=94369"},"modified":"2025-12-28T19:18:36","modified_gmt":"2025-12-28T18:18:36","slug":"gati-amnistia-penale-qeveria-shpall-lirimin-e-qindra-te-denuarve","status":"publish","type":"post","link":"https:\/\/jugulajm.net\/?p=94369","title":{"rendered":"Gati amnistia penale: Qeveria shpall lirimin e qindra t\u00eb d\u00ebnuarve&#8230;"},"content":{"rendered":"<p>Qeveria shqiptare pritet t\u00eb miratoj\u00eb n\u00eb dit\u00ebt n\u00eb vijim nj\u00eb amnisti penale, e cila do t\u00eb sjell\u00eb lirimin e menj\u00ebhersh\u00ebm t\u00eb qindra personave nga burgjet dhe ulje d\u00ebnimi p\u00ebr qindra t\u00eb tjer\u00eb.<\/p>\n<p>Nisma \u00ebsht\u00eb b\u00ebr\u00eb publike nga Ministri i Drejt\u00ebsis\u00eb, Besfort Lamallari, p\u00ebrmes nj\u00eb video-mesazhi drejtuar qytetar\u00ebve, ku ai e cil\u00ebson k\u00ebt\u00eb vendim si nj\u00eb akt t\u00eb bazuar n\u00eb humaniz\u00ebm, drejt\u00ebsi sociale dhe praktika evropiane t\u00eb drejt\u00ebsis\u00eb penale.<\/p>\n<p>Sipas vler\u00ebsimeve paraprake t\u00eb Drejtoris\u00eb s\u00eb P\u00ebrgjithshme t\u00eb Burgjeve, nga zbatimi i amnistis\u00eb rreth 380 persona do t\u00eb p\u00ebrfitojn\u00eb lirim t\u00eb menj\u00ebhersh\u00ebm, nd\u00ebrsa rreth 900 t\u00eb tjer\u00eb do t\u00eb ken\u00eb ulje d\u00ebnimi.<\/p>\n<p>Ministri thekson se numri real i p\u00ebrfituesve pritet t\u00eb jet\u00eb edhe m\u00eb i lart\u00eb, pasi n\u00eb k\u00ebt\u00eb skem\u00eb p\u00ebrfshihen edhe persona q\u00eb p\u00ebrfitojn\u00eb nga pushimi i ndjekjes penale apo nga masat alternative t\u00eb d\u00ebnimit.<\/p>\n<p>Lamallari b\u00ebn me dije se kategorit\u00eb p\u00ebrfituese p\u00ebrfshijn\u00eb t\u00eb mitur, gra dhe persona t\u00eb d\u00ebnuar p\u00ebr vepra penale me rrezikshm\u00ebri t\u00eb ul\u00ebt shoq\u00ebrore.<\/p>\n<p>\u201cNj\u00eb shtet i fort\u00eb nuk ka nevoj\u00eb t\u00eb mbaj\u00eb n\u00eb burg njer\u00ebz pa rrezikshm\u00ebri reale, por t\u00eb investoj\u00eb n\u00eb rehabilitim dhe siguri afatgjat\u00eb\u201d, shprehet ministri, duke n\u00ebnvizuar se drejt\u00ebsia evropiane nuk matet me numrin e t\u00eb burgosurve, por me aft\u00ebsin\u00eb p\u00ebr t\u00eb parandaluar krimin dhe p\u00ebr t\u00eb ulur p\u00ebrs\u00ebritjen e tij.<\/p>\n<p>N\u00eb mesazhin e tij, Ministri i Drejt\u00ebsis\u00eb pranon se sistemi penitenciar shqiptar p\u00ebrballet me probleme serioze, ve\u00e7an\u00ebrisht me p\u00ebrdorimin e lart\u00eb t\u00eb paraburgimit. Aktualisht, n\u00eb burgjet e vendit ndodhen rreth 5 mij\u00eb persona, ku m\u00eb shum\u00eb se gjysma jan\u00eb t\u00eb paraburgosur. Kjo situat\u00eb, sipas Lamallarit, \u00ebsht\u00eb ngritur vazhdimisht si shqet\u00ebsim nga K\u00ebshilli i Evrop\u00ebs dhe partner\u00ebt evropian\u00eb t\u00eb Shqip\u00ebris\u00eb.<\/p>\n<p>\u201cMbipopullimi n\u00eb burgje nuk \u00ebsht\u00eb forc\u00eb e shtetit, por dob\u00ebsi e sistemit\u201d, thekson ai, duke shtuar se amnistia synon t\u00eb ul\u00eb popullimin n\u00eb burgje me rreth 7%, t\u00eb p\u00ebrmir\u00ebsoj\u00eb kushtet e trajtimit dhe rehabilitimit, si dhe t\u00eb garantoj\u00eb m\u00eb shum\u00eb respekt p\u00ebr dinjitetin njer\u00ebzor.<\/p>\n<p>Nga ana tjet\u00ebr, ministri \u00ebsht\u00eb i prer\u00eb n\u00eb lidhje me kategorit\u00eb q\u00eb nuk p\u00ebrfitojn\u00eb nga kjo amnisti. T\u00eb d\u00ebnuarit p\u00ebr krime t\u00eb r\u00ebnda, korrupsion dhe vepra me rrezikshm\u00ebri t\u00eb lart\u00eb shoq\u00ebrore p\u00ebrjashtohen automatikisht, ashtu si edhe personat e hetuar nga SPAK apo t\u00eb gjykuar nga GJKKO.<\/p>\n<p>\u201cNuk ka amnisti selektive dhe as favorizime. Ka kritere ligjore t\u00eb qarta dhe transparente\u201d, deklaron Lamallari.<\/p>\n<div>\n<div class=\"flex justify-center py-6 lg:hidden\">\n<p>N\u00eb p\u00ebrfundim, ai thekson se kjo amnisti nuk duhet par\u00eb si falje e shkeljes s\u00eb ligjit, por si nj\u00eb shans i dyt\u00eb p\u00ebr ata q\u00eb mund t\u00eb rikthehen n\u00eb shoq\u00ebri dhe pran\u00eb familjeve t\u00eb tyre.<\/p>\n<p>\u201cNe besojm\u00eb n\u00eb nj\u00eb drejt\u00ebsi q\u00eb nuk humbet kurr\u00eb humanizmin dhe q\u00eb udh\u00ebhiqet nga standarde demokratike evropiane\u201d, p\u00ebrfundon ministri, duke e cil\u00ebsuar k\u00ebt\u00eb nism\u00eb si nj\u00eb mesazh pozitiv n\u00eb mbyllje t\u00eb vitit.<\/p>\n<\/div>\n<\/div>\n","protected":false},"excerpt":{"rendered":"<p>Qeveria shqiptare pritet t\u00eb miratoj\u00eb n\u00eb dit\u00ebt n\u00eb vijim nj\u00eb amnisti penale, e cila do t\u00eb sjell\u00eb lirimin e menj\u00ebhersh\u00ebm t\u00eb qindra personave nga burgjet dhe ulje d\u00ebnimi p\u00ebr qindra t\u00eb tjer\u00eb. Nisma \u00ebsht\u00eb b\u00ebr\u00eb publike nga Ministri i Drejt\u00ebsis\u00eb, Besfort Lamallari, p\u00ebrmes nj\u00eb video-mesazhi drejtuar qytetar\u00ebve, ku ai e cil\u00ebson k\u00ebt\u00eb vendim si nj\u00eb [&hellip;]<\/p>\n","protected":false},"author":5,"featured_media":47349,"comment_status":"closed","ping_status":"closed","sticky":false,"template":"","format":"standard","meta":{"footnotes":""},"categories":[1,6332,29228],"tags":[39498],"class_list":{"0":"post-94369","1":"post","2":"type-post","3":"status-publish","4":"format-standard","5":"has-post-thumbnail","7":"category-aktualitet","8":"category-te-fundit","9":"category-vendi","10":"tag-gati-amnistia-penale-qeveria-shpall-lirimin-e-qindra-te-denuarve"},"_links":{"self":[{"href":"https:\/\/jugulajm.net\/index.php?rest_route=\/wp\/v2\/posts\/94369","targetHints":{"allow":["GET"]}}],"collection":[{"href":"https:\/\/jugulajm.net\/index.php?rest_route=\/wp\/v2\/posts"}],"about":[{"href":"https:\/\/jugulajm.net\/index.php?rest_route=\/wp\/v2\/types\/post"}],"author":[{"embeddable":true,"href":"https:\/\/jugulajm.net\/index.php?rest_route=\/wp\/v2\/users\/5"}],"replies":[{"embeddable":true,"href":"https:\/\/jugulajm.net\/index.php?rest_route=%2Fwp%2Fv2%2Fcomments&post=94369"}],"version-history":[{"count":1,"href":"https:\/\/jugulajm.net\/index.php?rest_route=\/wp\/v2\/posts\/94369\/revisions"}],"predecessor-version":[{"id":94370,"href":"https:\/\/jugulajm.net\/index.php?rest_route=\/wp\/v2\/posts\/94369\/revisions\/94370"}],"wp:featuredmedia":[{"embeddable":true,"href":"https:\/\/jugulajm.net\/index.php?rest_route=\/wp\/v2\/media\/47349"}],"wp:attachment":[{"href":"https:\/\/jugulajm.net\/index.php?rest_route=%2Fwp%2Fv2%2Fmedia&parent=94369"}],"wp:term":[{"taxonomy":"category","embeddable":true,"href":"https:\/\/jugulajm.net\/index.php?rest_route=%2Fwp%2Fv2%2Fcategories&post=94369"},{"taxonomy":"post_tag","embeddable":true,"href":"https:\/\/jugulajm.net\/index.php?rest_route=%2Fwp%2Fv2%2Ftags&post=94369"}],"curies":[{"name":"wp","href":"https:\/\/api.w.org\/{rel}","templated":true}]}}