{"id":94349,"date":"2025-12-27T12:06:20","date_gmt":"2025-12-27T11:06:20","guid":{"rendered":"https:\/\/jugulajm.net\/?p=94349"},"modified":"2025-12-27T12:06:46","modified_gmt":"2025-12-27T11:06:46","slug":"shqiptaret-tek-aplikuesit-kryesore-per-bashkimet-familjare-ne-gjermani","status":"publish","type":"post","link":"https:\/\/jugulajm.net\/?p=94349","title":{"rendered":"Shqiptar\u00ebt tek aplikuesit kryesor\u00eb p\u00ebr bashkimet familjare n\u00eb Gjermani"},"content":{"rendered":"<p>Bashkimi familjar n\u00eb Gjermani \u00ebsht\u00eb b\u00ebr\u00eb gjithnj\u00eb\u00a0m\u00eb e i v\u00ebshtir\u00eb, por sipas shifrave nga Ministria e Jashtme gjermane, qytetar\u00ebt nga Kosova e Shqip\u00ebria jan\u00eb nd\u00ebr aplikuesit kryesor\u00eb k\u00ebt\u00eb vit.<\/p>\n<p>Pavar\u00ebsisht shtr\u00ebngimit t\u00eb ndjesh\u00ebm t\u00eb politikave t\u00eb imigracionit nga qeveria e koalicionit t\u00eb CDU\/CDU dhe Socialdemokrat\u00ebve n\u00eb Berlin, k\u00ebt\u00eb vit jan\u00eb l\u00ebshuar m\u00eb shum\u00eb se 100 mij\u00eb viza p\u00ebr bashkim familjar. Kjo sipas shifrave nga Ministria e Jashtme, t\u00eb raportuara s\u00eb fundmi.<\/p>\n<p>Sipas t\u00eb dh\u00ebnave nga Ministria e Jashtme, 101 mij\u00eb e 756 viza u dhan\u00eb deri n\u00eb fund t\u00eb n\u00ebntorit p\u00ebr pes\u00eb komb\u00ebsit\u00eb me m\u00eb shum\u00eb aplikime. M\u00eb s\u00eb shumti vizat u dhan\u00eb p\u00ebr turqit (14 mij\u00eb e 907) dhe sirian\u00ebt (13 mij\u00eb e 148), t\u00eb ndjekur nga qytetar\u00eb nga India (9 mij\u00eb e 286), Kosova (7 mij\u00eb e 143) dhe Shqip\u00ebria (4 mij\u00eb e 426).<\/p>\n<p>E drejta p\u00ebr bashkimin familjar n\u00eb Gjermani p\u00ebrgjith\u00ebsisht vlen vet\u00ebm p\u00ebr familjen baz\u00eb, q\u00eb do t\u00eb thot\u00eb bashk\u00ebshort\u00ebt\/et dhe f\u00ebmij\u00ebt e mitur. Ekzistojn\u00eb p\u00ebrjashtime p\u00ebr raste t\u00eb v\u00ebshtira dhe, q\u00eb nga nj\u00eb reform\u00eb n\u00eb mars 2024, edhe p\u00ebr prind\u00ebrit dhe vjehrrit e profesionist\u00ebve dhe pun\u00ebtor\u00ebve t\u00eb kualifikuar me kualifikim t\u00eb lart\u00eb q\u00eb mund t\u00eb sigurojn\u00eb n\u00eb m\u00ebnyr\u00eb t\u00eb pavarur jetes\u00ebn e t\u00eb gjith\u00eb familjes.<\/p>\n<p>N\u00eb korrik, qeveria gjermane e CDU\/CSU dhe SPD e pezulloi ribashkimin familjar p\u00ebr dy vjet p\u00ebr personat me status mbrojtjeje t\u00eb kufizuar, ndryshe nga refugjat\u00ebt e njohur. Vet\u00ebm n\u00eb \u201craste t\u00eb v\u00ebshtira\u201d atyre u lejohet ende t\u00eb sjellin bashk\u00ebshort\u00ebt\/et e tyre, f\u00ebmij\u00ebt e mitur si edhe, n\u00eb rastin e t\u00eb miturve t\u00eb pashoq\u00ebruar, prind\u00ebrit e tyre n\u00eb Gjermani.<strong>\u00a0<\/strong><\/p>\n<p><strong>Burimi: DW<\/strong><\/p>\n","protected":false},"excerpt":{"rendered":"<p>Bashkimi familjar n\u00eb Gjermani \u00ebsht\u00eb b\u00ebr\u00eb gjithnj\u00eb\u00a0m\u00eb e i v\u00ebshtir\u00eb, por sipas shifrave nga Ministria e Jashtme gjermane, qytetar\u00ebt nga Kosova e Shqip\u00ebria jan\u00eb nd\u00ebr aplikuesit kryesor\u00eb k\u00ebt\u00eb vit. Pavar\u00ebsisht shtr\u00ebngimit t\u00eb ndjesh\u00ebm t\u00eb politikave t\u00eb imigracionit nga qeveria e koalicionit t\u00eb CDU\/CDU dhe Socialdemokrat\u00ebve n\u00eb Berlin, k\u00ebt\u00eb vit jan\u00eb l\u00ebshuar m\u00eb shum\u00eb se 100 [&hellip;]<\/p>\n","protected":false},"author":5,"featured_media":46163,"comment_status":"closed","ping_status":"closed","sticky":false,"template":"","format":"standard","meta":{"footnotes":""},"categories":[1,6332],"tags":[39488],"class_list":{"0":"post-94349","1":"post","2":"type-post","3":"status-publish","4":"format-standard","5":"has-post-thumbnail","7":"category-aktualitet","8":"category-te-fundit","9":"tag-shqiptaret-tek-aplikuesit-kryesore-per-bashkimet-familjare-ne-gjermani"},"_links":{"self":[{"href":"https:\/\/jugulajm.net\/index.php?rest_route=\/wp\/v2\/posts\/94349","targetHints":{"allow":["GET"]}}],"collection":[{"href":"https:\/\/jugulajm.net\/index.php?rest_route=\/wp\/v2\/posts"}],"about":[{"href":"https:\/\/jugulajm.net\/index.php?rest_route=\/wp\/v2\/types\/post"}],"author":[{"embeddable":true,"href":"https:\/\/jugulajm.net\/index.php?rest_route=\/wp\/v2\/users\/5"}],"replies":[{"embeddable":true,"href":"https:\/\/jugulajm.net\/index.php?rest_route=%2Fwp%2Fv2%2Fcomments&post=94349"}],"version-history":[{"count":2,"href":"https:\/\/jugulajm.net\/index.php?rest_route=\/wp\/v2\/posts\/94349\/revisions"}],"predecessor-version":[{"id":94351,"href":"https:\/\/jugulajm.net\/index.php?rest_route=\/wp\/v2\/posts\/94349\/revisions\/94351"}],"wp:featuredmedia":[{"embeddable":true,"href":"https:\/\/jugulajm.net\/index.php?rest_route=\/wp\/v2\/media\/46163"}],"wp:attachment":[{"href":"https:\/\/jugulajm.net\/index.php?rest_route=%2Fwp%2Fv2%2Fmedia&parent=94349"}],"wp:term":[{"taxonomy":"category","embeddable":true,"href":"https:\/\/jugulajm.net\/index.php?rest_route=%2Fwp%2Fv2%2Fcategories&post=94349"},{"taxonomy":"post_tag","embeddable":true,"href":"https:\/\/jugulajm.net\/index.php?rest_route=%2Fwp%2Fv2%2Ftags&post=94349"}],"curies":[{"name":"wp","href":"https:\/\/api.w.org\/{rel}","templated":true}]}}