{"id":94325,"date":"2025-12-26T14:18:57","date_gmt":"2025-12-26T13:18:57","guid":{"rendered":"https:\/\/jugulajm.net\/?p=94325"},"modified":"2025-12-26T14:18:57","modified_gmt":"2025-12-26T13:18:57","slug":"aktori-sarandjot-artistet-jane-nje-mt-i-madh-ne-shqiperi","status":"publish","type":"post","link":"https:\/\/jugulajm.net\/?p=94325","title":{"rendered":"Aktori sarandjot: Artist\u00ebt jan\u00eb nj\u00eb m*t i madh n\u00eb Shqip\u00ebri&#8230;"},"content":{"rendered":"<p>Gjat\u00eb nj\u00eb interviste mediatike, aktori i njohur nga Saranda, Albano Bogdo, ka komentuar gjendjen n\u00eb t\u00eb cil\u00ebn ndodhet vendi yn\u00eb.<\/p>\n<p>Aktori ka deklaruar se edhe Shqip\u00ebria rendit\u00ebt si nj\u00eb nga vendet me resurset m\u00eb t\u00eb m\u00ebdha, s\u00ebrish qytetar\u00ebt paguajn\u00eb \u00e7mime t\u00eb larta p\u00ebr energjin\u00eb elektrike, ujin dhe naft\u00ebn.<\/p>\n<p>M\u00eb tej artisti ka deklaruar se ky d\u00ebshtim \u00ebsht\u00eb i politikan\u00ebve, t\u00eb cil\u00ebt sipas tij, nuk i kan\u00eb dh\u00ebn\u00eb gj\u00ebrat m\u00eb minimale shqiptar\u00ebve.<\/p>\n<p><strong>Albano Bogdo:<\/strong>\u00a0Futemi n\u00eb 10 vendet q\u00eb kemi m\u00eb shum\u00eb uj\u00eb p\u00ebr kok\u00eb dhe asnj\u00eb familje nuk ka uj\u00eb 24 or\u00eb. Dhe n\u00eb k\u00ebto hidrocentrale mund t\u00eb nd\u00ebrtohen me qindra hodrocentrale dhe mund ta kemi korrentin falas, fatura e energjis\u00eb \u00ebsht\u00eb makthi m\u00eb i madh i familjeve shqiptare.<\/p>\n<p>Asnj\u00eb artist nuk del t\u00eb thoj\u00eb q\u00eb paga u b\u00eb nga 400 n\u00eb 500 mij\u00eb lek\u00eb t\u00eb vjetra, 500 mij\u00eb lek\u00eb k\u00ebta n\u00eb pushtet kan\u00eb brek\u00ebt, si\u00e7 ua kap\u00ebn mat aty. Brek\u00ebt m\u00eb t\u00eb lira i kishin 500 mij\u00eb lek\u00eb, aq sa ne kemi pag\u00ebn minimale. Si nuk del q\u00eb nuk flet se ka 40 vjet q\u00eb vidhet nafta, nuk po flas p\u00ebr vet\u00ebm p\u00ebr Ram\u00ebn, por po flas p\u00ebr t\u00eb gjith\u00eb bashk\u00eb, q\u00eb nga Ismail Qemali e deri ky q\u00eb \u00ebsht\u00eb sot. Asnj\u00eb se rregulloi dot q\u00eb t\u00eb kemi uj\u00eb, drita dhe naft\u00ebn ton\u00eb q\u00eb del\u00a0 ta kemi ne. Duhet ta kishim falas dhe ne e kemi m\u00eb shtrenjt\u00eb se kushdo tjet\u00ebr n\u00eb Europ\u00eb\u201d, deklaroi Bogdo n\u00eb Qoa Vadis n\u00eb Vizion Plus.<\/p>\n<p>Por nj\u00eb kritik\u00eb t\u00eb fort\u00eb Albano Bogdo kishte edhe p\u00ebr koleg\u00ebt e tij, teksa aktori ka shp\u00ebrthyer ndaj tyre duke i quajtur si \u201cnj\u00eb m*t i madh n\u00eb Shqip\u00ebri\u201d.<\/p>\n<p>Po ashtu, ai tha se koleg\u00ebt e tij t\u00eb gjith\u00eb g\u00ebnjejn\u00eb dhe t\u00eb gjith\u00eb jan\u00eb t\u00eb bler\u00eb.<\/p>\n<p>\u201cDoni politik\u00eb ju? Kjo \u00ebsht\u00eb kartolina ime p\u00ebr vitin e ri, artist\u00ebt jan\u00eb nj\u00eb m*t i madh n\u00eb Shqip\u00ebri. T\u00eb gjith\u00eb g\u00ebnjejn\u00eb dhe t\u00eb gjith\u00eb jan\u00eb t\u00eb bler\u00eb. T\u00eb gjith\u00eb ulin kok\u00ebn se kan\u00eb frik\u00eb nga pronar\u00ebt e mediave dhe askush nuk e thot\u00eb t\u00eb v\u00ebrtet\u00ebn n\u00eb sy, e v\u00ebrteta \u00ebsht\u00eb q\u00eb ne jemi nj\u00eb komb fatkeq, dhe shyqyr q\u00eb kemi k\u00ebto festat q\u00eb t\u00eb takojm\u00eb dhe t\u00eb puthim nj\u00ebri-tjetrin.<\/p>\n","protected":false},"excerpt":{"rendered":"<p>Gjat\u00eb nj\u00eb interviste mediatike, aktori i njohur nga Saranda, Albano Bogdo, ka komentuar gjendjen n\u00eb t\u00eb cil\u00ebn ndodhet vendi yn\u00eb. Aktori ka deklaruar se edhe Shqip\u00ebria rendit\u00ebt si nj\u00eb nga vendet me resurset m\u00eb t\u00eb m\u00ebdha, s\u00ebrish qytetar\u00ebt paguajn\u00eb \u00e7mime t\u00eb larta p\u00ebr energjin\u00eb elektrike, ujin dhe naft\u00ebn. M\u00eb tej artisti ka deklaruar se ky [&hellip;]<\/p>\n","protected":false},"author":5,"featured_media":55229,"comment_status":"closed","ping_status":"closed","sticky":false,"template":"","format":"standard","meta":{"footnotes":""},"categories":[7665,6332,29228],"tags":[39473],"class_list":{"0":"post-94325","1":"post","2":"type-post","3":"status-publish","4":"format-standard","5":"has-post-thumbnail","7":"category-art","8":"category-te-fundit","9":"category-vendi","10":"tag-aktori-sarandjot-artistet-jane-nje-mt-i-madh-ne-shqiperi"},"_links":{"self":[{"href":"https:\/\/jugulajm.net\/index.php?rest_route=\/wp\/v2\/posts\/94325","targetHints":{"allow":["GET"]}}],"collection":[{"href":"https:\/\/jugulajm.net\/index.php?rest_route=\/wp\/v2\/posts"}],"about":[{"href":"https:\/\/jugulajm.net\/index.php?rest_route=\/wp\/v2\/types\/post"}],"author":[{"embeddable":true,"href":"https:\/\/jugulajm.net\/index.php?rest_route=\/wp\/v2\/users\/5"}],"replies":[{"embeddable":true,"href":"https:\/\/jugulajm.net\/index.php?rest_route=%2Fwp%2Fv2%2Fcomments&post=94325"}],"version-history":[{"count":1,"href":"https:\/\/jugulajm.net\/index.php?rest_route=\/wp\/v2\/posts\/94325\/revisions"}],"predecessor-version":[{"id":94326,"href":"https:\/\/jugulajm.net\/index.php?rest_route=\/wp\/v2\/posts\/94325\/revisions\/94326"}],"wp:featuredmedia":[{"embeddable":true,"href":"https:\/\/jugulajm.net\/index.php?rest_route=\/wp\/v2\/media\/55229"}],"wp:attachment":[{"href":"https:\/\/jugulajm.net\/index.php?rest_route=%2Fwp%2Fv2%2Fmedia&parent=94325"}],"wp:term":[{"taxonomy":"category","embeddable":true,"href":"https:\/\/jugulajm.net\/index.php?rest_route=%2Fwp%2Fv2%2Fcategories&post=94325"},{"taxonomy":"post_tag","embeddable":true,"href":"https:\/\/jugulajm.net\/index.php?rest_route=%2Fwp%2Fv2%2Ftags&post=94325"}],"curies":[{"name":"wp","href":"https:\/\/api.w.org\/{rel}","templated":true}]}}