{"id":94321,"date":"2025-12-26T12:28:40","date_gmt":"2025-12-26T11:28:40","guid":{"rendered":"https:\/\/jugulajm.net\/?p=94321"},"modified":"2025-12-26T12:28:40","modified_gmt":"2025-12-26T11:28:40","slug":"spak-aksion-per-ballukun-jane-kontrolluar-biznesmene-dhe","status":"publish","type":"post","link":"https:\/\/jugulajm.net\/?p=94321","title":{"rendered":"SPAK aksion p\u00ebr Ballukun, jan\u00eb kontrolluar biznesmen\u00eb dhe&#8230;"},"content":{"rendered":"<div class=\"jeg_navbar_mobile_wrapper\">\n<div class=\"jeg_navbar_mobile jeg_sticky_nav\" data-mode=\"scroll\">\n<div class=\"jeg_mobile_bottombar jeg_mobile_midbar jeg_container normal\">\n<div class=\"container\">\n<div class=\"jeg_nav_row\">\n<div class=\"jeg_nav_col jeg_nav_center jeg_nav_grow\">\n<div class=\"item_wrap jeg_nav_aligncenter\">\n<div class=\"jeg_nav_item jeg_mobile_logo\">\n<div class=\"site-title\">Policia e Shtetit, po ushtron m\u00ebngjesin e k\u00ebsaj t\u00eb premte disa kontrolle, n\u00eb kuad\u00ebr t\u00eb hetimeve ndaj numrit dy t\u00eb qeveris\u00eb, Belinda Balluku.<img loading=\"lazy\" loading=\"lazy\" decoding=\"async\" src=\"https:\/\/ads.adsense.al\/www\/delivery\/lg.php?bannerid=0&amp;campaignid=0&amp;zoneid=186&amp;loc=https%3A%2F%2Fboldnews.al%2F2025%2F12%2F26%2Fspak-kerkon-koken-e-ballukut-policia-kontrolle-per-numrin-dy-te-qeverise%2F%3Ffbclid%3DIwY2xjawO7T4pleHRuA2FlbQIxMQBzcnRjBmFwcF9pZA80MDk5NjI2MjMwODU2MDkAAR7c_dQrK92_qSDfAkiJWcrc8lKSrjsSrSD5UhU61D5ULOg2kjPaU1yUDEVquw_aem_fmxcH8us3FK1VkrT_qYs-w&amp;referer=https%3A%2F%2Fm.facebook.com%2F&amp;cb=39f29c2211\" alt=\"\" width=\"0\" height=\"0\" \/><\/div>\n<\/div>\n<\/div>\n<\/div>\n<\/div>\n<\/div>\n<\/div>\n<\/div>\n<\/div>\n<div class=\"post-wrapper\">\n<div class=\"post-wrap\">\n<div class=\"jeg_main \">\n<div class=\"jeg_container\">\n<div class=\"jeg_content jeg_singlepage\">\n<div class=\"container\">\n<div class=\"row\">\n<div class=\"jeg_main_content col-md-8\">\n<div class=\"jeg_inner_content\">\n<div class=\"entry-content no-share\">\n<div class=\"content-inner \">\n<p>Burime p\u00ebr mediat b\u00ebjn\u00eb me dije se kontrollet po kryhen me vendim t\u00eb Gjykat\u00ebs s\u00eb Posa\u00e7me, pas k\u00ebrkes\u00ebs s\u00eb SPAK.<\/p>\n<p>N\u00eb kuad\u00ebr t\u00eb tyre jan\u00eb p\u00ebrfshir\u00eb edhe disa biznesmen\u00eb, emrat e t\u00eb cil\u00ebve mbeten t\u00eb rezervuar.<\/p>\n<p>Deri tani, nuk ka konfirmime p\u00ebr masa sigurie apo arrestime lidhur me k\u00ebto kontrolle.<\/p>\n<p>Numri dy i qeveris\u00eb Rama, akuzohet p\u00ebr paracaktimin e gar\u00ebs p\u00ebr tenderin e nd\u00ebrtimit t\u00eb tunelit t\u00eb Llogaras\u00eb dhe p\u00ebr dosjen e Unaz\u00ebs s\u00eb Madhe. Ajo \u00ebsht\u00eb marr\u00eb e pandehur nga SPAK m\u00eb 31 tetor t\u00eb k\u00ebtij viti, nd\u00ebrsa pak dit\u00eb m\u00eb par\u00eb Prokuroria ka k\u00ebrkuar heqjen e imunitetit dhe arrestimin e saj.<\/p>\n<\/div>\n<\/div>\n<\/div>\n<\/div>\n<\/div>\n<\/div>\n<\/div>\n<\/div>\n<\/div>\n<\/div>\n<\/div>\n","protected":false},"excerpt":{"rendered":"<p>Policia e Shtetit, po ushtron m\u00ebngjesin e k\u00ebsaj t\u00eb premte disa kontrolle, n\u00eb kuad\u00ebr t\u00eb hetimeve ndaj numrit dy t\u00eb qeveris\u00eb, Belinda Balluku. Burime p\u00ebr mediat b\u00ebjn\u00eb me dije se kontrollet po kryhen me vendim t\u00eb Gjykat\u00ebs s\u00eb Posa\u00e7me, pas k\u00ebrkes\u00ebs s\u00eb SPAK. N\u00eb kuad\u00ebr t\u00eb tyre jan\u00eb p\u00ebrfshir\u00eb edhe disa biznesmen\u00eb, emrat e t\u00eb [&hellip;]<\/p>\n","protected":false},"author":5,"featured_media":86781,"comment_status":"closed","ping_status":"closed","sticky":false,"template":"","format":"standard","meta":{"footnotes":""},"categories":[1,6332,29228],"tags":[39471,39470],"class_list":{"0":"post-94321","1":"post","2":"type-post","3":"status-publish","4":"format-standard","5":"has-post-thumbnail","7":"category-aktualitet","8":"category-te-fundit","9":"category-vendi","10":"tag-jane-kontrolluar-biznesmene-dhe","11":"tag-spak-aksion-per-ballukun"},"_links":{"self":[{"href":"https:\/\/jugulajm.net\/index.php?rest_route=\/wp\/v2\/posts\/94321","targetHints":{"allow":["GET"]}}],"collection":[{"href":"https:\/\/jugulajm.net\/index.php?rest_route=\/wp\/v2\/posts"}],"about":[{"href":"https:\/\/jugulajm.net\/index.php?rest_route=\/wp\/v2\/types\/post"}],"author":[{"embeddable":true,"href":"https:\/\/jugulajm.net\/index.php?rest_route=\/wp\/v2\/users\/5"}],"replies":[{"embeddable":true,"href":"https:\/\/jugulajm.net\/index.php?rest_route=%2Fwp%2Fv2%2Fcomments&post=94321"}],"version-history":[{"count":1,"href":"https:\/\/jugulajm.net\/index.php?rest_route=\/wp\/v2\/posts\/94321\/revisions"}],"predecessor-version":[{"id":94322,"href":"https:\/\/jugulajm.net\/index.php?rest_route=\/wp\/v2\/posts\/94321\/revisions\/94322"}],"wp:featuredmedia":[{"embeddable":true,"href":"https:\/\/jugulajm.net\/index.php?rest_route=\/wp\/v2\/media\/86781"}],"wp:attachment":[{"href":"https:\/\/jugulajm.net\/index.php?rest_route=%2Fwp%2Fv2%2Fmedia&parent=94321"}],"wp:term":[{"taxonomy":"category","embeddable":true,"href":"https:\/\/jugulajm.net\/index.php?rest_route=%2Fwp%2Fv2%2Fcategories&post=94321"},{"taxonomy":"post_tag","embeddable":true,"href":"https:\/\/jugulajm.net\/index.php?rest_route=%2Fwp%2Fv2%2Ftags&post=94321"}],"curies":[{"name":"wp","href":"https:\/\/api.w.org\/{rel}","templated":true}]}}