{"id":94256,"date":"2025-12-23T15:51:52","date_gmt":"2025-12-23T14:51:52","guid":{"rendered":"https:\/\/jugulajm.net\/?p=94256"},"modified":"2025-12-23T15:51:52","modified_gmt":"2025-12-23T14:51:52","slug":"proteste-apo-fresk-per-edi-ramen","status":"publish","type":"post","link":"https:\/\/jugulajm.net\/?p=94256","title":{"rendered":"Protest\u00eb apo fresk p\u00ebr Edi Ram\u00ebn?!?!?!"},"content":{"rendered":"<p><strong>Nga Fejzo Subashi<\/strong><\/p>\n<p>Realisht, Opozita Shqiptare ka jo vet\u00ebm mund\u00ebsin, por shansin dhe fatin m\u00eb t\u00eb madh se kushdo opozit\u00eb tjet\u00ebr n\u00eb mjaft\u00eb vende, n\u00eb situat\u00ebn q\u00eb ndodhet mazhoranca , p\u00ebr ta kthyer n\u00eb favor t\u00eb saj besimi e qyteyar\u00ebve. Absolutisht q\u00eb protesta \u00ebsht\u00eb nj\u00eb rrug\u00eb pasqyrimi i pak\u00ebnaq\u00ebsis\u00eb s\u00eb qyteyar\u00ebve, ndaj mazhoranc\u00ebs, por edhe mund\u00ebsi q\u00eb ngjall shpres\u00ebn dhe besimin te Opozita. Por a e kan\u00eb k\u00ebt\u00eb meshirimin protestat n\u00eb shqip\u00ebri? Absolutisht jo, sidomos k\u00ebto t\u00eb Sali Berish\u00ebs&#8230;<br \/>\nV\u00ebshti t\u00eb arrish n\u00eb nj\u00eb p\u00ebrfundim; n\u00ebse jan\u00eb protest\u00eb, apo fresk p\u00ebr Edi Ram\u00ebn dhe qeverin\u00eb e tij?<br \/>\nProtesta e djeshme e Sali Berish\u00ebs, me shum\u00eb sinqeritet, nuk arriti as nivelin minimal q\u00eb duhet t\u00eb ket\u00eb nj\u00eb protest\u00eb opozitare, e jo m\u00eb forc\u00ebn e mesazhit q\u00eb pretendoi t\u00eb jap\u00eb.<br \/>\nT\u00eb thuash se je n\u00eb krye t\u00eb pak\u00ebnaq\u00ebsis\u00eb popullore dhe ta katandis\u00ebsh protest\u00ebn n\u00eb nj\u00eb sh\u00ebtitje n\u00eb bulevard, nuk \u00ebsht\u00eb as p\u00ebrfaq\u00ebsim i revolt\u00ebs qytetare, as presion politik, si dhe aq m\u00eb pak nj\u00eb shpres\u00ebe besim p\u00ebr qytetar\u00ebt te Opozita. Protesta dje isht\u00eb thjesht nj\u00eb parad\u00eb e kontrolluar, nj\u00eb sh\u00ebtitje mbr\u00ebmjeje q\u00eb nuk i prish gjumin askujt n\u00eb mazhoranc\u00eb, aq m\u00eb pak qeveris, oligatk\u00ebve dhe bandave . V\u00ebshtir\u00eb t\u00eb mendosh se me k\u00ebt\u00eb form\u00eb revolte p\u00ebrmbys\u00ebsh mazhoranc .<br \/>\nNj\u00eb protest\u00eb pa ide, pa filozofi, pa objektiv t\u00eb qart\u00eb, pa nerv qytetar, tregon qart\u00eb nj\u00eb gj\u00eb: opozita nuk ka forc\u00eb reale dhe as mb\u00ebshtetje popullore. Dhe nj\u00eb opozit\u00eb e till\u00eb nuk i \u00e7on as nj\u00eb lloj mesazhi qeveris\u00eb, aq m\u00eb pak ti ngjall\u00ebsh frik\u00eb, p\u00ebrkundrazi e qet\u00ebson at\u00eb n\u00eb rehatin\u00eb e monotonis s\u00eb saj.<br \/>\nN\u00eb k\u00ebt\u00eb model proteste, q\u00eb si ide dhe si veprim praktik, jan\u00eb nj\u00ebsoj me ato t\u00eb Lul Bash\u00ebs, madje ato t\u00eb Bash\u00ebs kishin m\u00eb shum\u00eb pjes\u00ebmarrje dhe m\u00eb shum\u00eb nerv , Sali Berisha me k\u00ebt\u00eb format dhe qasje, se gjoja p\u00ebrfaq\u00ebson indinjat\u00ebn dhe revolt\u00ebn qytetare, t\u00eb jep m\u00eb shum\u00eb p\u00ebrshtypjen e p\u00ebrgatitjes p\u00ebr nj\u00eb pazar t\u00eb radh\u00ebs politik, sesa t\u00eb ndjekjes s\u00eb nj\u00eb objektivi real opozitar. Aq m\u00eb pak t\u00eb pritshm\u00ebrive t\u00eb demokrat\u00ebve, qytetar\u00ebve dhe vendit.<br \/>\nUn\u00eb nuk jam p\u00ebr dhun\u00eb n\u00eb protesta. Por ta shnd\u00ebrrosh protest\u00ebn n\u00eb nj\u00eb sh\u00ebtitje parade, si ato t\u00eb koh\u00ebs s\u00eb Enverit n\u00eb Bulevardin \u201cD\u00ebshmor\u00ebt e Kombit\u201d, nuk \u00ebsht\u00eb protest\u00eb. \u00cbsht\u00eb nj\u00eb sh\u00ebtitje pensionisti, me pankarta dhe fjalime t\u00eb ricikluara. T\u00eb katandiset protesta n\u00eb k\u00ebt\u00eb far feje, pas gjith\u00eb asaj propagande dhe premtimeve para fillimit, m\u00eb shum\u00eb \u00ebsht\u00eb nj\u00eb tallje me filozofin e opozit\u00ebs, demokrat\u00ebt dhe qytetar\u00ebt e k\u00ebtij vendi.<br \/>\nT\u00eb thuash n\u00eb rrjete sociale dhe konferenca shtypi se \u201cm\u00eb dat\u00ebn 22 largohet Rama nga pushteti\u201d dhe se \u201cnuk ikim nga sheshi\u201d, e pastaj t\u00eb shkosh atje dhe t\u00eb p\u00ebrs\u00ebris\u00ebsh foltoren e p\u00ebrditshme, apo t\u00eb kopjosh daljen n\u00eb ballkon, nuk i fut as dridh\u00ebrim\u00ebn m\u00eb t\u00eb vog\u00ebl Ram\u00ebs. P\u00ebrkundrazi, i b\u00ebn fresk n\u00eb mbret\u00ebrin\u00eb e tij.<br \/>\nKa apo nuk ka nevoj\u00eb Rama p\u00ebr k\u00ebt\u00eb fresk, kjo ka pak r\u00ebnd\u00ebsi. Por t\u00eb mashtrosh demokrat\u00ebt dhe qytetar\u00ebt me lug\u00eb bosh \u00ebsht\u00eb nj\u00eb nga gj\u00ebrat m\u00eb t\u00eb p\u00ebshtira t\u00eb politik\u00ebs.<br \/>\nPo, Rama ka p\u00ebrgjegj\u00ebsi t\u00eb plot\u00eb p\u00ebr gjendjen e vendit. Kjo nuk diskutohet. Por t\u00eb mos pranosh se mungesa e nj\u00eb opozite reale prej m\u00eb shum\u00eb se nj\u00eb dekade \u00ebsht\u00eb jo vet\u00ebm shfaj\u00ebsim indirekt p\u00ebr Ram\u00ebn, por edhe p\u00ebrgjegj\u00ebsi e r\u00ebnd\u00eb e klas\u00ebs politike n\u00eb opozit\u00eb, \u00ebsht\u00eb hipokrizi.<br \/>\nRama nuk bie nga pushteti me k\u00ebt\u00eb opozit\u00eb.<br \/>\nAi nuk largohet sepse vjen, apo don t\u00eb vij\u00eb Berisha.<br \/>\nRama nuk duhet t\u00eb iki q\u00eb t\u00eb b\u00ebhet Berisha kryeminist\u00ebr.<br \/>\nRama dhe qeveria e tij, duhet t\u00eb iki sepse nuk qeveris dot m\u00eb. Nuk ka \u00e7far\u00eb t\u00eb jap m\u00eb shum\u00eb, mbas k\u00ebtij konsumi.<br \/>\nSepse korrupsioni \u00ebsht\u00eb b\u00ebr\u00eb sistem.<br \/>\nSepse zullumi ka kaluar \u00e7do kufi.<br \/>\nPor ideja q\u00eb \u201cRama duhet t\u00eb iki se duhet rotacion\u201d nuk mjafton. Nuk bind ask\u00ebnd.<br \/>\nRam\u00ebn nuk e largon opozita. E largon populli.<br \/>\nDhe q\u00eb populli t\u00eb ngrihet, duhet t\u00eb besoj\u00eb te nj\u00eb alternativ\u00eb tjet\u00ebr. Duhet t\u00eb shoh\u00eb shpres\u00eb, risi, ndryshim real. Nj\u00eb lider q\u00eb nuk i kujton t\u00eb shkuar\u00ebn, por i hap rrug\u00eb s\u00eb ardhmes.<br \/>\nMe thirrje boshe si \u201cik o Ram se je i keq, i korruptuar, i lidhur me bandat\u201d, nuk fitohet pushtet. Sepse kur qytetar\u00ebve nuk u jep shpres\u00eb, ata zgjedhin t\u00eb keqen q\u00eb njohin, sesa t\u00eb keqen q\u00eb u premtohet.<br \/>\nT\u00eb k\u00ebqijat e m\u00ebdha t\u00eb Shqip\u00ebris\u00eb kan\u00eb themele n\u00eb pazaret e pista t\u00eb politik\u00ebs. Dhe pik\u00ebrisht p\u00ebr k\u00ebt\u00eb arsye, qytetar\u00ebt sot nuk dalin n\u00eb shesh. Ata rrin\u00eb n\u00eb sht\u00ebpi, me syt\u00eb nga Zoti, sepse kan\u00eb frik\u00eb jo nga Rama, por nga pazari i radh\u00ebs i klas\u00ebs politike&#8230;<br \/>\nTiran\u00eb m\u00eb 23.11. 2025.<\/p>\n","protected":false},"excerpt":{"rendered":"<p>Nga Fejzo Subashi Realisht, Opozita Shqiptare ka jo vet\u00ebm mund\u00ebsin, por shansin dhe fatin m\u00eb t\u00eb madh se kushdo opozit\u00eb tjet\u00ebr n\u00eb mjaft\u00eb vende, n\u00eb situat\u00ebn q\u00eb ndodhet mazhoranca , p\u00ebr ta kthyer n\u00eb favor t\u00eb saj besimi e qyteyar\u00ebve. Absolutisht q\u00eb protesta \u00ebsht\u00eb nj\u00eb rrug\u00eb pasqyrimi i pak\u00ebnaq\u00ebsis\u00eb s\u00eb qyteyar\u00ebve, ndaj mazhoranc\u00ebs, por edhe [&hellip;]<\/p>\n","protected":false},"author":5,"featured_media":87273,"comment_status":"closed","ping_status":"closed","sticky":false,"template":"","format":"standard","meta":{"footnotes":""},"categories":[34865,6332],"tags":[36132,39446],"class_list":{"0":"post-94256","1":"post","2":"type-post","3":"status-publish","4":"format-standard","5":"has-post-thumbnail","7":"category-analiza","8":"category-te-fundit","9":"tag-fejzo-subashi","10":"tag-proteste-apo-fresk-per-edi-ramen"},"_links":{"self":[{"href":"https:\/\/jugulajm.net\/index.php?rest_route=\/wp\/v2\/posts\/94256","targetHints":{"allow":["GET"]}}],"collection":[{"href":"https:\/\/jugulajm.net\/index.php?rest_route=\/wp\/v2\/posts"}],"about":[{"href":"https:\/\/jugulajm.net\/index.php?rest_route=\/wp\/v2\/types\/post"}],"author":[{"embeddable":true,"href":"https:\/\/jugulajm.net\/index.php?rest_route=\/wp\/v2\/users\/5"}],"replies":[{"embeddable":true,"href":"https:\/\/jugulajm.net\/index.php?rest_route=%2Fwp%2Fv2%2Fcomments&post=94256"}],"version-history":[{"count":1,"href":"https:\/\/jugulajm.net\/index.php?rest_route=\/wp\/v2\/posts\/94256\/revisions"}],"predecessor-version":[{"id":94257,"href":"https:\/\/jugulajm.net\/index.php?rest_route=\/wp\/v2\/posts\/94256\/revisions\/94257"}],"wp:featuredmedia":[{"embeddable":true,"href":"https:\/\/jugulajm.net\/index.php?rest_route=\/wp\/v2\/media\/87273"}],"wp:attachment":[{"href":"https:\/\/jugulajm.net\/index.php?rest_route=%2Fwp%2Fv2%2Fmedia&parent=94256"}],"wp:term":[{"taxonomy":"category","embeddable":true,"href":"https:\/\/jugulajm.net\/index.php?rest_route=%2Fwp%2Fv2%2Fcategories&post=94256"},{"taxonomy":"post_tag","embeddable":true,"href":"https:\/\/jugulajm.net\/index.php?rest_route=%2Fwp%2Fv2%2Ftags&post=94256"}],"curies":[{"name":"wp","href":"https:\/\/api.w.org\/{rel}","templated":true}]}}