{"id":94254,"date":"2025-12-23T14:20:43","date_gmt":"2025-12-23T13:20:43","guid":{"rendered":"https:\/\/jugulajm.net\/?p=94254"},"modified":"2025-12-23T14:20:43","modified_gmt":"2025-12-23T13:20:43","slug":"neser-moti-i-keq-perfshin-vendin-shi-bore-dhe-stuhi-ja-qytetet","status":"publish","type":"post","link":"https:\/\/jugulajm.net\/?p=94254","title":{"rendered":"Nes\u00ebr moti i keq p\u00ebrfshin vendin, shi, bor\u00eb dhe stuhi, ja qytetet&#8230;"},"content":{"rendered":"<p>Dit\u00ebt e fundit t\u00eb vitit do t\u00eb shoq\u00ebrohen me p\u00ebrkeq\u00ebsim t\u00eb ndjesh\u00ebm t\u00eb kushteve atmosferike, nd\u00ebrsa vendi yn\u00eb pritet t\u00eb p\u00ebrfshihet nga reshje shiu dhe d\u00ebbore, duke rikthyer plot\u00ebsisht skenarin dim\u00ebror.<\/p>\n<p>Sipas meteorologes s\u00eb IGJEUM, Anira Gjoni, reshjet do t\u00eb nisin fillimisht n\u00eb jug t\u00eb territorit, p\u00ebr t\u2019u shtrir\u00eb m\u00eb pas n\u00eb t\u00eb gjith\u00eb vendin gjat\u00eb or\u00ebve t\u00eb nat\u00ebs.<\/p>\n<p>Sot, nes\u00ebr dhe pasnes\u00ebr, Shqip\u00ebria do t\u00eb p\u00ebrjetoj\u00eb reshje t\u00eb vazhdueshme, me shi n\u00eb zonat e ul\u00ebta dhe bor\u00eb n\u00eb zonat malore.<\/p>\n<p>Ult\u00ebsira per\u00ebndimore do t\u00eb p\u00ebrfshihet nga reshjet e shiut, nd\u00ebrsa zonat malore, ve\u00e7an\u00ebrisht juglindja, do t\u00eb shohin reshje d\u00ebbore. Intensiteti i reshjeve pritet t\u00eb jet\u00eb i ul\u00ebt deri mesatar, me kulmin e tij dit\u00ebn e m\u00ebrkur\u00eb.<\/p>\n<p>Qarqet Vlor\u00eb dhe Gjirokast\u00ebr do t\u00eb ken\u00eb shtr\u00ebngata, nd\u00ebrsa n\u00eb qarqet e tjera reshjet do t\u00eb jen\u00eb m\u00eb t\u00eb dob\u00ebta.<\/p>\n<p>Era do t\u00eb fryj\u00eb e leht\u00eb deri mesatare, pa krijuar problematika t\u00eb m\u00ebdha.<\/p>\n<p>Nd\u00ebrsa viti po mbyllet, dimri duket se po jep \u201cgoditjen\u201d e tij t\u00eb par\u00eb, duke sjell\u00eb nj\u00eb fundvit t\u00eb lag\u00ebsht, t\u00eb ftoht\u00eb dhe t\u00eb paq\u00ebndruesh\u00ebm.<\/p>\n<p>Pyetja q\u00eb mbetet \u00ebsht\u00eb: a do t\u00eb zbardhet Shqip\u00ebria p\u00ebr Krishtlindje?<\/p>\n","protected":false},"excerpt":{"rendered":"<p>Dit\u00ebt e fundit t\u00eb vitit do t\u00eb shoq\u00ebrohen me p\u00ebrkeq\u00ebsim t\u00eb ndjesh\u00ebm t\u00eb kushteve atmosferike, nd\u00ebrsa vendi yn\u00eb pritet t\u00eb p\u00ebrfshihet nga reshje shiu dhe d\u00ebbore, duke rikthyer plot\u00ebsisht skenarin dim\u00ebror. Sipas meteorologes s\u00eb IGJEUM, Anira Gjoni, reshjet do t\u00eb nisin fillimisht n\u00eb jug t\u00eb territorit, p\u00ebr t\u2019u shtrir\u00eb m\u00eb pas n\u00eb t\u00eb gjith\u00eb vendin [&hellip;]<\/p>\n","protected":false},"author":5,"featured_media":55849,"comment_status":"closed","ping_status":"closed","sticky":false,"template":"","format":"standard","meta":{"footnotes":""},"categories":[7650,6332,29228],"tags":[39445,32448,39443,39444],"class_list":{"0":"post-94254","1":"post","2":"type-post","3":"status-publish","4":"format-standard","5":"has-post-thumbnail","7":"category-moti","8":"category-te-fundit","9":"category-vendi","10":"tag-bore-dhe-stuhi","11":"tag-ja-qytetet","12":"tag-neser-moti-i-keq-perfshin-vendin","13":"tag-shi"},"_links":{"self":[{"href":"https:\/\/jugulajm.net\/index.php?rest_route=\/wp\/v2\/posts\/94254","targetHints":{"allow":["GET"]}}],"collection":[{"href":"https:\/\/jugulajm.net\/index.php?rest_route=\/wp\/v2\/posts"}],"about":[{"href":"https:\/\/jugulajm.net\/index.php?rest_route=\/wp\/v2\/types\/post"}],"author":[{"embeddable":true,"href":"https:\/\/jugulajm.net\/index.php?rest_route=\/wp\/v2\/users\/5"}],"replies":[{"embeddable":true,"href":"https:\/\/jugulajm.net\/index.php?rest_route=%2Fwp%2Fv2%2Fcomments&post=94254"}],"version-history":[{"count":1,"href":"https:\/\/jugulajm.net\/index.php?rest_route=\/wp\/v2\/posts\/94254\/revisions"}],"predecessor-version":[{"id":94255,"href":"https:\/\/jugulajm.net\/index.php?rest_route=\/wp\/v2\/posts\/94254\/revisions\/94255"}],"wp:featuredmedia":[{"embeddable":true,"href":"https:\/\/jugulajm.net\/index.php?rest_route=\/wp\/v2\/media\/55849"}],"wp:attachment":[{"href":"https:\/\/jugulajm.net\/index.php?rest_route=%2Fwp%2Fv2%2Fmedia&parent=94254"}],"wp:term":[{"taxonomy":"category","embeddable":true,"href":"https:\/\/jugulajm.net\/index.php?rest_route=%2Fwp%2Fv2%2Fcategories&post=94254"},{"taxonomy":"post_tag","embeddable":true,"href":"https:\/\/jugulajm.net\/index.php?rest_route=%2Fwp%2Fv2%2Ftags&post=94254"}],"curies":[{"name":"wp","href":"https:\/\/api.w.org\/{rel}","templated":true}]}}