{"id":94223,"date":"2025-12-22T12:54:20","date_gmt":"2025-12-22T11:54:20","guid":{"rendered":"https:\/\/jugulajm.net\/?p=94223"},"modified":"2025-12-22T12:54:20","modified_gmt":"2025-12-22T11:54:20","slug":"sot-protesta-e-pd-para-kryeministrise-policia-ja-rruget-qe-bllokohen","status":"publish","type":"post","link":"https:\/\/jugulajm.net\/?p=94223","title":{"rendered":"Sot protesta e PD para Kryeministris\u00eb, Policia: Ja rrug\u00ebt q\u00eb bllokohen&#8230;"},"content":{"rendered":"<p>P\u00ebr shkak t\u00eb protest\u00ebs t\u00eb lajm\u00ebruar nga Partia Demokratike pasditen e sotme para Kryeministris\u00eb, Policia e Tiran\u00ebs ka nd\u00ebrmarr\u00eb nj\u00eb plan masash p\u00ebr garantimin e rendit publik dhe rregullimin e qarkullimit rrugor. Protesta \u00ebsht\u00eb e parashikuar t\u00eb nis\u00eb n\u00eb or\u00ebn 18:00, nd\u00ebrsa kufizimet p\u00ebr l\u00ebvizjen e automjeteve do t\u00eb fillojn\u00eb q\u00eb n\u00eb or\u00ebn 14:00.<\/p>\n<p>N\u00eb k\u00ebt\u00eb kuad\u00ebr, Policia e Tiran\u00ebs ka njoftuar se do t\u00eb kufizohet parkimi dhe qarkullimi i automjeteve n\u00eb disa akse t\u00eb qytetit:<\/p>\n<p><strong>Nga ora 14:00, do t\u00eb ndalohet parkimi i automjeteve n\u00eb:<\/strong><\/p>\n<p>Bulevardi \u201cD\u00ebshmor\u00ebt e Kombit\u201d<\/p>\n<p>Sheshi \u201cN\u00ebn\u00eb Tereza\u201d<\/p>\n<p>Rruga \u201cIsmail Qemali\u201d<\/p>\n<p>Kryq\u00ebzimi i Rrug\u00ebs s\u00eb Elbasanit me Rrug\u00ebn \u201cIbrahim Rugova\u201d<\/p>\n<p>Rruga \u201cPapa Gjon Pali II\u201d<\/p>\n<p>Bulevardi \u201cZhan D\u2019Ark\u201d<\/p>\n<p>Bulevardi \u201cBajram Curri\u201d<\/p>\n<p><strong>Nga ora 14:00 deri n\u00eb p\u00ebrfundim t\u00eb tubimit, do t\u00eb ket\u00eb bllokim t\u00eb l\u00ebvizjes s\u00eb automjeteve n\u00eb:<\/strong><\/p>\n<p>Bulevardi \u201cD\u00ebshmor\u00ebt e Kombit\u201d, nga kryq\u00ebzimi af\u00ebr Ministris\u00eb s\u00eb Brendshme deri te sheshi \u201cN\u00ebn\u00eb Tereza\u201d<\/p>\n<p>Rrug\u00ebt \u201cUkraina e Lir\u00eb\u201d, \u201cPapa Gjon Pali II\u201d dhe \u201cIsmail Qemali\u201d<\/p>\n<p>N\u00eb var\u00ebsi t\u00eb zhvillimit t\u00eb protest\u00ebs, mund t\u00eb ket\u00eb kufizime edhe n\u00eb akse t\u00eb tjera rrugore. Policia e Tiran\u00ebs ka p\u00ebrgatitur rrug\u00eb alternative p\u00ebr t\u00eb devijuar qarkullimin e automjeteve dhe p\u00ebr t\u00eb minimizuar pengesat p\u00ebr qytetar\u00ebt.<\/p>\n","protected":false},"excerpt":{"rendered":"<p>P\u00ebr shkak t\u00eb protest\u00ebs t\u00eb lajm\u00ebruar nga Partia Demokratike pasditen e sotme para Kryeministris\u00eb, Policia e Tiran\u00ebs ka nd\u00ebrmarr\u00eb nj\u00eb plan masash p\u00ebr garantimin e rendit publik dhe rregullimin e qarkullimit rrugor. Protesta \u00ebsht\u00eb e parashikuar t\u00eb nis\u00eb n\u00eb or\u00ebn 18:00, nd\u00ebrsa kufizimet p\u00ebr l\u00ebvizjen e automjeteve do t\u00eb fillojn\u00eb q\u00eb n\u00eb or\u00ebn 14:00. N\u00eb [&hellip;]<\/p>\n","protected":false},"author":5,"featured_media":52814,"comment_status":"closed","ping_status":"closed","sticky":false,"template":"","format":"standard","meta":{"footnotes":""},"categories":[1,6332,29228],"tags":[39426,39425],"class_list":{"0":"post-94223","1":"post","2":"type-post","3":"status-publish","4":"format-standard","5":"has-post-thumbnail","7":"category-aktualitet","8":"category-te-fundit","9":"category-vendi","10":"tag-policia-ja-rruget-qe-bllokohen","11":"tag-sot-protesta-e-pd-para-kryeministrise"},"_links":{"self":[{"href":"https:\/\/jugulajm.net\/index.php?rest_route=\/wp\/v2\/posts\/94223","targetHints":{"allow":["GET"]}}],"collection":[{"href":"https:\/\/jugulajm.net\/index.php?rest_route=\/wp\/v2\/posts"}],"about":[{"href":"https:\/\/jugulajm.net\/index.php?rest_route=\/wp\/v2\/types\/post"}],"author":[{"embeddable":true,"href":"https:\/\/jugulajm.net\/index.php?rest_route=\/wp\/v2\/users\/5"}],"replies":[{"embeddable":true,"href":"https:\/\/jugulajm.net\/index.php?rest_route=%2Fwp%2Fv2%2Fcomments&post=94223"}],"version-history":[{"count":1,"href":"https:\/\/jugulajm.net\/index.php?rest_route=\/wp\/v2\/posts\/94223\/revisions"}],"predecessor-version":[{"id":94224,"href":"https:\/\/jugulajm.net\/index.php?rest_route=\/wp\/v2\/posts\/94223\/revisions\/94224"}],"wp:featuredmedia":[{"embeddable":true,"href":"https:\/\/jugulajm.net\/index.php?rest_route=\/wp\/v2\/media\/52814"}],"wp:attachment":[{"href":"https:\/\/jugulajm.net\/index.php?rest_route=%2Fwp%2Fv2%2Fmedia&parent=94223"}],"wp:term":[{"taxonomy":"category","embeddable":true,"href":"https:\/\/jugulajm.net\/index.php?rest_route=%2Fwp%2Fv2%2Fcategories&post=94223"},{"taxonomy":"post_tag","embeddable":true,"href":"https:\/\/jugulajm.net\/index.php?rest_route=%2Fwp%2Fv2%2Ftags&post=94223"}],"curies":[{"name":"wp","href":"https:\/\/api.w.org\/{rel}","templated":true}]}}