{"id":94188,"date":"2025-12-21T10:48:27","date_gmt":"2025-12-21T09:48:27","guid":{"rendered":"https:\/\/jugulajm.net\/?p=94188"},"modified":"2025-12-21T10:48:27","modified_gmt":"2025-12-21T09:48:27","slug":"rama-po-i-fusin-te-gjithe-ne-paraburgim-gjyqtaret-vete-ali-vete-kadi","status":"publish","type":"post","link":"https:\/\/jugulajm.net\/?p=94188","title":{"rendered":"Rama: Po i fusin t\u00eb gjith\u00eb n\u00eb paraburgim, gjyqtar\u00ebt vet\u00eb Ali vet\u00eb Kadi"},"content":{"rendered":"<p>Sot, n\u00eb podkastin \u201cFlasim\u201d kryeministri Rama goditi s\u00ebrish drejt\u00ebsin\u00eb e re duke njoftuar se po analizohen shenjat shqet\u00ebsuese \u201ct\u00eb brutalitetit n\u00eb ushtrimin e pushtetit gjyq\u00ebsor\u201d. Shkak p\u00ebr k\u00ebt\u00eb u b\u00ebn\u00eb pezullimi i Ballukut dhe sipas Ram\u00ebs edhe k\u00ebrkesa e gjyqtar\u00ebve dhe prokuror\u00ebve p\u00ebr rritje pagash.<\/p>\n<p><em>\u201cPezullimi antidemokratik i nj\u00eb an\u00ebtari qeverie nga nj\u00eb prokuror e gjykat\u00ebs me nj\u00eb vendim t\u00eb shkall\u00ebs s\u00eb par\u00eb dhe tentativa e magjistrat\u00ebve, gjykat\u00ebs dhe prokuror\u00eb bashk\u00eb t\u00eb Shqip\u00ebris\u00eb p\u00ebr t\u00eb rritur vet\u00eb pagat e tyre, duke shqyer ark\u00ebn e shtetit. Vet\u00eb Ali dhe vet\u00eb Kadi\u201d \u2013<\/em> tha Rama.<\/p>\n<p>P\u00ebr t\u00eb goditur sistemin e drejt\u00ebsis\u00eb q\u00eb e ngritur dhe mb\u00ebshtetur vet\u00eb, Rama p\u00ebrs\u00ebriti edhe nj\u00eb raport t\u00eb shkruar nga ekspert\u00eb t\u00eb K\u00ebshillit t\u00eb Evrop\u00ebs\u00a0<em>\u201cmbi p\u00ebrdorimin brutal dhe masiv t\u00eb paraburgimit n\u00eb Shqip\u00ebri\u201d.<\/em><\/p>\n<p><em>\u201cNj\u00eb rekord negativ absolut i drejt\u00ebsis\u00eb shqiptare, e cila e ka vendosur Shqip\u00ebrin\u00eb n\u00eb pozicionin m\u00eb t\u00eb keq n\u00eb Europ\u00eb, por jo thjesht\u00eb n\u00eb fund, por me dallim t\u00eb friksh\u00ebm nga rajoni dhe nga pjesa tjet\u00ebr e Europ\u00ebs, po se po\u201d<\/em>\u00a0\u2013 tha Rama q\u00eb ka sjell\u00eb edhe pjes\u00eb nga raporti.<\/p>\n<p><em>\u201cS\u00eb pari: P\u00ebrdorim i tepruar dhe koh\u00ebzgjatje e pajustifikuar e paraburgimit<\/em><\/p>\n<p><em>Shqip\u00ebria mban nj\u00eb nivel jasht\u00ebzakonisht t\u00eb lart\u00eb t\u00eb personave n\u00eb paraburgim, me shifra q\u00eb jan\u00eb duksh\u00ebm shum\u00eb larg praktikave t\u00eb vendeve t\u00eb BE-s\u00eb. Gjykatat e zgjasin r\u00ebndom mas\u00ebn e paraburgimit, pa asnj\u00eb arsyetim t\u00eb individualizuar dhe pa treguar se vazhdimi i k\u00ebsaj mase mbetet n\u00eb m\u00ebnyr\u00eb strikte i domosdosh\u00ebm dhe proporcional.<\/em><\/p>\n<p><em>S\u00eb dyti: Cil\u00ebsia e arsyetimit gjyq\u00ebsor dhe kontrollit le shum\u00eb p\u00ebr t\u00eb d\u00ebshiruar<\/em><\/p>\n<p><em>Vendimet p\u00ebr paraburgim shpesh bazohen n\u00eb nocione t\u00eb paqarta ligjore (\u201carsye t\u00eb r\u00ebnd\u00ebsishme\u201d, \u201crrezik i ve\u00e7ant\u00eb\u201d) dhe gjykatat kan\u00eb tendenc\u00ebn t\u00eb p\u00ebrdorin formula standarde, pa b\u00ebr\u00eb nj\u00eb vler\u00ebsim t\u00eb mir\u00ebfillt\u00eb t\u00eb \u00e7\u00ebshtjes. Raporti thekson kultur\u00ebn e mang\u00ebt t\u00eb arsyetimit t\u00eb thelluar.<\/em><\/p>\n<p><em>S\u00eb treti: Munges\u00eb dhe zbatim i paq\u00ebndruesh\u00ebm i masave alternative ndaj paraburgimit<\/em><\/p>\n<p><em>Gjykat\u00ebsit kan\u00eb tendenc\u00ebn ta trajtojn\u00eb paraburgimin si opsionin e par\u00eb, at\u00eb t\u00eb shum\u00ebd\u00ebshiruarin dhe jo si mjetin e fundit, duke i shp\u00ebrfillur r\u00ebndom masat e tjera dhe shtoj, duke i mbushur burgjet me m\u00eb shum\u00eb persona t\u00eb pad\u00ebnuar se sa t\u00eb d\u00ebnuar, \u00e7ka e b\u00ebn Shqip\u00ebrin\u00eb, nj\u00eb vend krejt\u00ebsisht origjinal n\u00eb brutalitetin e vet.<\/em><\/p>\n<p><em>S\u00eb kat\u00ebrti: Mosgarantimi i t\u00eb drejt\u00ebs s\u00eb mbrojtjes<\/em><\/p>\n<p><em>Korniza aktuale ende nuk garanton plot\u00ebsisht aksesin efektiv te avokatit q\u00eb n\u00eb fazat m\u00eb t\u00eb hershme t\u00eb procedimit. Disponimi i materialeve t\u00eb \u00e7\u00ebshtjes mund t\u00eb vonohet, dhe mungon regjistrimi sistematik audio\/video i marrjes n\u00eb pyetje.<\/em><\/p>\n<p><em>Gjith\u00eb k\u00ebto para, gjith\u00eb k\u00ebto fonde t\u00eb dh\u00ebna n\u00eb mb\u00ebshtetje t\u00eb reform\u00ebs n\u00eb drejt\u00ebsi dhe t\u00eb institucioneve t\u00eb drejt\u00ebsis\u00eb dhe sot e gjith\u00eb dit\u00ebn merren n\u00eb pyetje njer\u00ebzit pa video, pa audio. Pik\u00ebpyetje shum\u00eb e madhe kjo. Dhe kjo \u2013 thot\u00eb raporti \u2013 e dob\u00ebson aft\u00ebsin\u00eb e mbrojtjes p\u00ebr t\u00eb sfiduar ligjshm\u00ebrin\u00eb e paraburgimit dhe p\u00ebrmbajtjen e akuz\u00ebs.<\/em><\/p>\n<p><em>E s\u00eb fundi \u2013 nga pikat q\u00eb un\u00eb kam nxjerr\u00eb, raporti \u00ebsht\u00eb rr\u00ebqeth\u00ebs, po t\u00eb kesh parasysh q\u00eb \u00ebsht\u00eb shkruar edhe me gjuh\u00ebn shum\u00eb diplomatike t\u00eb K\u00ebshillit t\u00eb Europ\u00ebs \u2013 Dimensioni strukturor dhe kulturor<\/em><\/p>\n<p><em>Edhe pse korniza ligjore shqiptare \u00ebsht\u00eb n\u00eb p\u00ebrputhje t\u00eb p\u00ebrgjithshme, p\u00ebrgjith\u00ebsisht me standardet evropiane n\u00eb let\u00ebr, vazhdojn\u00eb t\u00eb jen\u00eb t\u00eb pranishme prirjet p\u00ebr t\u00eb supozuar nevoj\u00ebn p\u00ebr paraburgim, n\u00eb vend t\u00eb supozimit n\u00eb favor t\u00eb liris\u00eb, dhe mungon praktika e zbatimit t\u00eb masave proporcionale dhe t\u00eb arsyetuara n\u00eb m\u00ebnyr\u00eb individuale.<\/em><\/p>\n<p><em>K\u00ebrkohet nj\u00eb ndryshim strategjik \u2013 p\u00ebrfshir\u00eb p\u00ebrcaktime m\u00eb t\u00eb qarta ligjore, kontroll m\u00eb i fort\u00eb nga gjykatat e apelit dhe nj\u00eb sistem funksional i masave alternative\u201d<\/em> \u2013 tha kryeministri Rama.<\/p>\n","protected":false},"excerpt":{"rendered":"<p>Sot, n\u00eb podkastin \u201cFlasim\u201d kryeministri Rama goditi s\u00ebrish drejt\u00ebsin\u00eb e re duke njoftuar se po analizohen shenjat shqet\u00ebsuese \u201ct\u00eb brutalitetit n\u00eb ushtrimin e pushtetit gjyq\u00ebsor\u201d. Shkak p\u00ebr k\u00ebt\u00eb u b\u00ebn\u00eb pezullimi i Ballukut dhe sipas Ram\u00ebs edhe k\u00ebrkesa e gjyqtar\u00ebve dhe prokuror\u00ebve p\u00ebr rritje pagash. \u201cPezullimi antidemokratik i nj\u00eb an\u00ebtari qeverie nga nj\u00eb prokuror e [&hellip;]<\/p>\n","protected":false},"author":5,"featured_media":86273,"comment_status":"closed","ping_status":"closed","sticky":false,"template":"","format":"standard","meta":{"footnotes":""},"categories":[6326,6332],"tags":[39405,39404],"class_list":{"0":"post-94188","1":"post","2":"type-post","3":"status-publish","4":"format-standard","5":"has-post-thumbnail","7":"category-politike","8":"category-te-fundit","9":"tag-gjyqtaret-vete-ali-vete-kadi","10":"tag-rama-po-i-fusin-te-gjithe-ne-paraburgim"},"_links":{"self":[{"href":"https:\/\/jugulajm.net\/index.php?rest_route=\/wp\/v2\/posts\/94188","targetHints":{"allow":["GET"]}}],"collection":[{"href":"https:\/\/jugulajm.net\/index.php?rest_route=\/wp\/v2\/posts"}],"about":[{"href":"https:\/\/jugulajm.net\/index.php?rest_route=\/wp\/v2\/types\/post"}],"author":[{"embeddable":true,"href":"https:\/\/jugulajm.net\/index.php?rest_route=\/wp\/v2\/users\/5"}],"replies":[{"embeddable":true,"href":"https:\/\/jugulajm.net\/index.php?rest_route=%2Fwp%2Fv2%2Fcomments&post=94188"}],"version-history":[{"count":1,"href":"https:\/\/jugulajm.net\/index.php?rest_route=\/wp\/v2\/posts\/94188\/revisions"}],"predecessor-version":[{"id":94189,"href":"https:\/\/jugulajm.net\/index.php?rest_route=\/wp\/v2\/posts\/94188\/revisions\/94189"}],"wp:featuredmedia":[{"embeddable":true,"href":"https:\/\/jugulajm.net\/index.php?rest_route=\/wp\/v2\/media\/86273"}],"wp:attachment":[{"href":"https:\/\/jugulajm.net\/index.php?rest_route=%2Fwp%2Fv2%2Fmedia&parent=94188"}],"wp:term":[{"taxonomy":"category","embeddable":true,"href":"https:\/\/jugulajm.net\/index.php?rest_route=%2Fwp%2Fv2%2Fcategories&post=94188"},{"taxonomy":"post_tag","embeddable":true,"href":"https:\/\/jugulajm.net\/index.php?rest_route=%2Fwp%2Fv2%2Ftags&post=94188"}],"curies":[{"name":"wp","href":"https:\/\/api.w.org\/{rel}","templated":true}]}}