{"id":94167,"date":"2025-12-19T17:19:22","date_gmt":"2025-12-19T16:19:22","guid":{"rendered":"https:\/\/jugulajm.net\/?p=94167"},"modified":"2025-12-19T17:21:48","modified_gmt":"2025-12-19T16:21:48","slug":"kryebashkiaku-beci-del-pas-2-oresh-nga-spak","status":"publish","type":"post","link":"https:\/\/jugulajm.net\/?p=94167","title":{"rendered":"Kryebashkiaku Beci del pas 2 or\u00ebsh nga SPAK"},"content":{"rendered":"<p>Kryebashkiaku i Shkodr\u00ebs, Benet Beci, ka dal\u00eb nga ambientet e SPAK pas rreth dy or\u00ebsh.<\/p>\n<p>Beci \u00ebsht\u00eb marr\u00eb zyrtarisht i pandehur nga SPAK p\u00ebr akuz\u00ebn e shkeljes s\u00eb barazis\u00eb n\u00eb tendera, s\u00eb bashku me shtat\u00eb vart\u00ebs t\u00eb tij.<\/p>\n<p>M\u00eb her\u00ebt, ai \u00ebsht\u00eb thirrur nga prokuror\u00ebt, ku ka dh\u00ebn\u00eb shpjegime n\u00eb lidhje me \u00e7\u00ebshtjen n\u00ebn hetim.<\/p>\n<p>Benet Beci ka ushtruar m\u00eb par\u00eb funksionin e drejtorit t\u00eb Fondit t\u00eb Zhvillimit t\u00eb Rajoneve dhe, p\u00ebr disa vite, at\u00eb t\u00eb drejtorit t\u00eb KESH-it. Ai u largua nga ky post n\u00eb vitin 2021, kur kandidoi p\u00ebr deputet t\u00eb Partis\u00eb Socialiste n\u00eb Qarkun e Shkodr\u00ebs.<\/p>\n<p>N\u00eb zgjedhjet vendore t\u00eb 14 majit 2023, Benet Beci u zgjodh kryetar i Bashkis\u00eb s\u00eb Shkodr\u00ebs.<\/p>\n","protected":false},"excerpt":{"rendered":"<p>Kryebashkiaku i Shkodr\u00ebs, Benet Beci, ka dal\u00eb nga ambientet e SPAK pas rreth dy or\u00ebsh. Beci \u00ebsht\u00eb marr\u00eb zyrtarisht i pandehur nga SPAK p\u00ebr akuz\u00ebn e shkeljes s\u00eb barazis\u00eb n\u00eb tendera, s\u00eb bashku me shtat\u00eb vart\u00ebs t\u00eb tij. M\u00eb her\u00ebt, ai \u00ebsht\u00eb thirrur nga prokuror\u00ebt, ku ka dh\u00ebn\u00eb shpjegime n\u00eb lidhje me \u00e7\u00ebshtjen n\u00ebn hetim. [&hellip;]<\/p>\n","protected":false},"author":5,"featured_media":94169,"comment_status":"closed","ping_status":"closed","sticky":false,"template":"","format":"standard","meta":{"footnotes":""},"categories":[1,6326,6332],"tags":[39395],"class_list":{"0":"post-94167","1":"post","2":"type-post","3":"status-publish","4":"format-standard","5":"has-post-thumbnail","7":"category-aktualitet","8":"category-politike","9":"category-te-fundit","10":"tag-kryebashkiaku-beci-del-pas-2-oresh-nga-spak"},"_links":{"self":[{"href":"https:\/\/jugulajm.net\/index.php?rest_route=\/wp\/v2\/posts\/94167","targetHints":{"allow":["GET"]}}],"collection":[{"href":"https:\/\/jugulajm.net\/index.php?rest_route=\/wp\/v2\/posts"}],"about":[{"href":"https:\/\/jugulajm.net\/index.php?rest_route=\/wp\/v2\/types\/post"}],"author":[{"embeddable":true,"href":"https:\/\/jugulajm.net\/index.php?rest_route=\/wp\/v2\/users\/5"}],"replies":[{"embeddable":true,"href":"https:\/\/jugulajm.net\/index.php?rest_route=%2Fwp%2Fv2%2Fcomments&post=94167"}],"version-history":[{"count":1,"href":"https:\/\/jugulajm.net\/index.php?rest_route=\/wp\/v2\/posts\/94167\/revisions"}],"predecessor-version":[{"id":94168,"href":"https:\/\/jugulajm.net\/index.php?rest_route=\/wp\/v2\/posts\/94167\/revisions\/94168"}],"wp:featuredmedia":[{"embeddable":true,"href":"https:\/\/jugulajm.net\/index.php?rest_route=\/wp\/v2\/media\/94169"}],"wp:attachment":[{"href":"https:\/\/jugulajm.net\/index.php?rest_route=%2Fwp%2Fv2%2Fmedia&parent=94167"}],"wp:term":[{"taxonomy":"category","embeddable":true,"href":"https:\/\/jugulajm.net\/index.php?rest_route=%2Fwp%2Fv2%2Fcategories&post=94167"},{"taxonomy":"post_tag","embeddable":true,"href":"https:\/\/jugulajm.net\/index.php?rest_route=%2Fwp%2Fv2%2Ftags&post=94167"}],"curies":[{"name":"wp","href":"https:\/\/api.w.org\/{rel}","templated":true}]}}