{"id":94106,"date":"2025-12-17T10:04:10","date_gmt":"2025-12-17T09:04:10","guid":{"rendered":"https:\/\/jugulajm.net\/?p=94106"},"modified":"2025-12-17T10:04:10","modified_gmt":"2025-12-17T09:04:10","slug":"prokuroria-e-sarandes-dergon-ne-gjyq-16-persona-shisnin-droge-prane-shkollave","status":"publish","type":"post","link":"https:\/\/jugulajm.net\/?p=94106","title":{"rendered":"Prokuroria e Sarand\u00ebs d\u00ebrgon n\u00eb gjyq 16 persona, shisnin drog\u00eb pran\u00eb shkollave"},"content":{"rendered":"<p>Prokuroria e Sarand\u00ebs ka \u00e7uar p\u00ebr gjykim 16 persona, t\u00eb cil\u00ebt akuzohen se shisnin drog\u00eb pran\u00eb shkollave n\u00eb Sarand\u00eb dhe Delvin\u00eb.<\/p>\n<p>Ata akuzohen p\u00ebr vepr\u00ebn penale \u201cProdhim dhe shitje narkotik\u00ebsh\u201d, kryer n\u00eb bashk\u00ebpunim dhe m\u00eb shum\u00eb se nj\u00eb her\u00eb.<\/p>\n<p data-start=\"746\" data-end=\"892\"><strong>Njoftimi Prokuroris\u00eb s\u00eb Sarand\u00ebs:<\/strong><\/p>\n<p>\u201cProkuroria pran\u00eb Gjykat\u00ebs s\u00eb Shkall\u00ebs s\u00eb Par\u00eb t\u00eb Juridiksionit t\u00eb P\u00ebrgjithsh\u00ebm Sarand\u00eb p\u00ebrfundoi hetimet dhe d\u00ebrgon n\u00eb gjyq 16 persona p\u00ebr vepr\u00ebn penale \u2018Prodhim dhe shitje narkotik\u00ebsh\u2019 parashikuar nga neni 283\/2 t\u00eb Kodit Penal kryer n\u00eb bashk\u00ebpunim m\u00eb shum\u00eb se nj\u00eb her\u00eb.<\/p>\n<p>N\u00eb kuad\u00ebr t\u00eb procedimit penal nr.647, pas hetimeve nj\u00eb vje\u00e7are me metoda proaktive, v\u00ebzhgime e p\u00ebrgjime, rezultoi se t\u00eb pandehurit shisnin l\u00ebnd\u00eb narkotike n\u00eb qytetin e Sarand\u00ebs edhe t\u00eb Delvin\u00ebs, kryesisht moshave t\u00eb reja. Tre nga shtetasit e d\u00ebrguar n\u00eb gjyq, jan\u00eb n\u00eb akuz\u00eb p\u00ebr vepr\u00ebn penale \u201cDrejtimi i automjeteve n\u00eb mn\u00ebyr\u00eb t\u00eb parregullt\u2019 t\u00eb parashikuar nga neni 291 t\u00eb Kodit Penal pasi u provuan se kan\u00eb qen\u00eb n\u00ebn efektin e l\u00ebnd\u00ebs narkotike, kur jan\u00eb ndaluar<\/p>\n<p>Sa m\u00eb sip\u00ebr Prokuroria pran\u00eb Gjykat\u00ebs s\u00eb Shkall\u00ebs s\u00eb Par\u00eb t\u00eb Juridiksionit t\u00eb Sarand\u00eb, d\u00ebrgon n\u00ebr gjyq 16 t\u00eb pandehurit:<\/p>\n<p>J.I.,\u00a0 p\u00ebr vepr\u00ebn penale \u201cProdhim dhe shitje narkotik\u00ebsh\u201d parashikuar nga neni 283\/2 i K.Penal, kryer n\u00eb bashk\u00ebpunim dhe m\u00eb shum\u00eb se nj\u00eb her\u00eb;<\/p>\n<p>M.H., p\u00ebr vepr\u00ebn penale \u201cProdhim dhe shitje narkotik\u00ebsh\u201d parashikuar nga neni 283\/2 i K.Penal, i dyshuar p\u00ebr kryerjen e vepr\u00ebs penale \u201cProdhim dhe shitje narkotik\u00ebsh\u201d\u00a0 kryer n\u00eb bashk\u00ebpunim dhe m\u00eb shum\u00eb se nj\u00eb her\u00eb;<\/p>\n<p>P.B,\u00a0 p\u00ebr vepr\u00ebn penale \u201cProdhim dhe shitje narkotik\u00ebsh\u201d parashikuar nga neni 283\/2 i K.Penal, kryer n\u00eb bashk\u00ebpunim dhe m\u00eb shum\u00eb se nj\u00eb her\u00eb;<\/p>\n<p>E.H, p\u00ebr vepr\u00ebn penale \u201cProdhim dhe shitje narkotik\u00ebsh\u201d parashikuar nga neni 283\/2 i K.Penal, kryer n\u00eb bashk\u00ebpunim dhe m\u00eb shum\u00eb se nj\u00eb her\u00eb;<\/p>\n<p>M.D p\u00ebr vepr\u00ebn penale \u201cProdhim dhe shitje narkotik\u00ebsh\u201d parashikuar nga neni 283\/2 i K.Penal kryer m\u00eb shum\u00eb se nj\u00eb her\u00eb;<\/p>\n<ol>\n<li>A, p\u00ebr vepr\u00ebn penale \u201cProdhim dhe shitje narkotik\u00ebsh\u201d parashikuar nga neni 283\/2 i K.Penal, kryer n\u00eb bashk\u00ebpunim dhe m\u00eb shum\u00eb se nj\u00eb her\u00eb;<\/li>\n<\/ol>\n<p>F.A, p\u00ebr vepr\u00ebn penale \u201cProdhim dhe shitje narkotik\u00ebsh\u201d parashikuar nga neni 283\/2 i K.Penal, kryer n\u00eb bashk\u00ebpunim dhe m\u00eb shum\u00eb se nj\u00eb her\u00eb;<\/p>\n<p>Xh.M, p\u00ebr vepr\u00ebn penale \u201cProdhim dhe shitje narkotik\u00ebsh\u201d parashikuar nga neni 283\/2 i K.Penal, kryer n\u00eb bashk\u00ebpunim dhe m\u00eb shum\u00eb se nj\u00eb her\u00eb;<\/p>\n<p>S.M, p\u00ebr vepr\u00ebn penale \u201cProdhim dhe shitje narkotik\u00ebsh\u201d parashikuar nga neni 283\/2 i K.Penal, kryer n\u00eb bashk\u00ebpunim dhe m\u00eb shum\u00eb se nj\u00eb her\u00eb;<\/p>\n<ol>\n<li>Q, p\u00ebr vepr\u00ebn penale \u201cProdhim dhe shitje narkotik\u00ebsh\u201d parashikuar nga neni 283\/2 i K.Penal kryer m\u00eb shum\u00eb se nj\u00eb her\u00eb dhe n\u00eb bashk\u00ebpunim;<\/li>\n<\/ol>\n<p>E.T, p\u00ebr vepr\u00ebn penale \u201cProdhim dhe shitje narkotik\u00ebsh\u201d parashikuar nga neni 283\/2 i K.Penal, kryer m\u00eb shum\u00eb se nj\u00eb her\u00eb;<\/p>\n<ol>\n<li>C, p\u00ebr kryerjen e vepres \u201cProdhim dhe shitje narkotik\u00ebsh\u201d n\u00eb form\u00ebn e shitjes, parashikuar nga neni 283\/1 i Kodit Penal dhe \u2018Prodhimi, mbajtja, blerja apo shitja pa leje e arm\u00ebve t\u00eb ftohta\u201d parashikuar nga neni 279\/1 i K.Penal;<\/li>\n<\/ol>\n<p>E.D, p\u00ebr kryerjen e vepr\u00ebs penale \u201cProdhim dhe shitje narkotik\u00ebsh\u2019, n\u00eb form\u00ebn e mbajtjes, parashikuar nga neni 283\/1 i K.Penal;<\/p>\n<p>V.K, p\u00ebr vepr\u00ebn penale \u201cDrejtimi i automjeteve n\u00eb m\u00ebnyr\u00eb t\u00eb parregullt\u2019 t\u00eb parashikuar nga neni 291 i K.Penal;<\/p>\n<ol>\n<li>A, p\u00ebr vepr\u00ebn penale \u201cDrejtimi i automjeteve n\u00eb m\u00ebnyr\u00eb t\u00eb parregullt\u2019 t\u00eb parashikuar nga neni 291 i K.Penal; dhe<\/li>\n<li>\u00c7, p\u00ebr kryerjen e vepr\u00ebs penale \u201cDrejtimi i automjeteve n\u00eb mn\u00ebyr\u00eb t\u00eb parregullt\u2019, parashikuar nga neni 291 i K.Penal.<\/li>\n<\/ol>\n<p>Prokuroria pran\u00eb Gjykat\u00ebs s\u00eb Shkall\u00ebs s\u00eb Par\u00eb t\u00eb Juridiksionit t\u00eb P\u00ebrgjithsh\u00ebm Sarand\u00eb shpreh gadishm\u00ebrin\u00eb p\u00ebr t\u00eb hetuar dhe v\u00ebn\u00eb p\u00ebrpara p\u00ebrgjegj\u00ebsis\u00eb penale t\u00eb gjith\u00eb individ\u00ebt e p\u00ebrfshir\u00eb n\u00eb veprimtarin\u00eb e kundraligjshme t\u00eb shitjes s\u00eb l\u00ebnd\u00ebve narkotike.<\/p>\n","protected":false},"excerpt":{"rendered":"<p>Prokuroria e Sarand\u00ebs ka \u00e7uar p\u00ebr gjykim 16 persona, t\u00eb cil\u00ebt akuzohen se shisnin drog\u00eb pran\u00eb shkollave n\u00eb Sarand\u00eb dhe Delvin\u00eb. Ata akuzohen p\u00ebr vepr\u00ebn penale \u201cProdhim dhe shitje narkotik\u00ebsh\u201d, kryer n\u00eb bashk\u00ebpunim dhe m\u00eb shum\u00eb se nj\u00eb her\u00eb. Njoftimi Prokuroris\u00eb s\u00eb Sarand\u00ebs: \u201cProkuroria pran\u00eb Gjykat\u00ebs s\u00eb Shkall\u00ebs s\u00eb Par\u00eb t\u00eb Juridiksionit t\u00eb P\u00ebrgjithsh\u00ebm Sarand\u00eb [&hellip;]<\/p>\n","protected":false},"author":5,"featured_media":55640,"comment_status":"closed","ping_status":"closed","sticky":false,"template":"","format":"standard","meta":{"footnotes":""},"categories":[1,6332,29228],"tags":[39366,39367],"class_list":{"0":"post-94106","1":"post","2":"type-post","3":"status-publish","4":"format-standard","5":"has-post-thumbnail","7":"category-aktualitet","8":"category-te-fundit","9":"category-vendi","10":"tag-prokuroria-e-sarandes-dergon-ne-gjyq-16-persona","11":"tag-shisnin-droge-prane-shkollave"},"_links":{"self":[{"href":"https:\/\/jugulajm.net\/index.php?rest_route=\/wp\/v2\/posts\/94106","targetHints":{"allow":["GET"]}}],"collection":[{"href":"https:\/\/jugulajm.net\/index.php?rest_route=\/wp\/v2\/posts"}],"about":[{"href":"https:\/\/jugulajm.net\/index.php?rest_route=\/wp\/v2\/types\/post"}],"author":[{"embeddable":true,"href":"https:\/\/jugulajm.net\/index.php?rest_route=\/wp\/v2\/users\/5"}],"replies":[{"embeddable":true,"href":"https:\/\/jugulajm.net\/index.php?rest_route=%2Fwp%2Fv2%2Fcomments&post=94106"}],"version-history":[{"count":1,"href":"https:\/\/jugulajm.net\/index.php?rest_route=\/wp\/v2\/posts\/94106\/revisions"}],"predecessor-version":[{"id":94107,"href":"https:\/\/jugulajm.net\/index.php?rest_route=\/wp\/v2\/posts\/94106\/revisions\/94107"}],"wp:featuredmedia":[{"embeddable":true,"href":"https:\/\/jugulajm.net\/index.php?rest_route=\/wp\/v2\/media\/55640"}],"wp:attachment":[{"href":"https:\/\/jugulajm.net\/index.php?rest_route=%2Fwp%2Fv2%2Fmedia&parent=94106"}],"wp:term":[{"taxonomy":"category","embeddable":true,"href":"https:\/\/jugulajm.net\/index.php?rest_route=%2Fwp%2Fv2%2Fcategories&post=94106"},{"taxonomy":"post_tag","embeddable":true,"href":"https:\/\/jugulajm.net\/index.php?rest_route=%2Fwp%2Fv2%2Ftags&post=94106"}],"curies":[{"name":"wp","href":"https:\/\/api.w.org\/{rel}","templated":true}]}}