{"id":94094,"date":"2025-12-16T18:48:06","date_gmt":"2025-12-16T17:48:06","guid":{"rendered":"https:\/\/jugulajm.net\/?p=94094"},"modified":"2025-12-16T18:48:06","modified_gmt":"2025-12-16T17:48:06","slug":"foto-zbardhet-kerkesa-e-spak-drejtuar-kuvendit-per-ballukun-e-ka-firmosur-dumani","status":"publish","type":"post","link":"https:\/\/jugulajm.net\/?p=94094","title":{"rendered":"FOTO\/Zbardhet k\u00ebrkesa e SPAK drejtuar Kuvendit p\u00ebr Ballukun, e ka firmosur Dumani"},"content":{"rendered":"<p>SPAK i ka drejtuar Kuvendit t\u00eb Shqip\u00ebris\u00eb nj\u00eb k\u00ebrkes\u00eb zyrtare p\u00ebr dh\u00ebnien e autorizimit p\u00ebr arrestimin ose heqjen e liris\u00eb s\u00eb deputetes dhe ministres Belinda Balluku k\u00ebt\u00eb mart\u00eb.<\/p>\n<p>N\u00eb dokumentin drejtuar Kryetarit t\u00eb Kuvendit dhe deputet\u00ebve, SPAK b\u00ebn me dije se k\u00ebrkon z\u00ebvend\u00ebsimin e masave aktuale t\u00eb sigurimit personal, \u201cndalim i daljes jasht\u00eb shtetit\u201d dhe \u201cpezullim i ushtrimit t\u00eb nj\u00eb detyre apo sh\u00ebrbimi publik\u201d, me mas\u00ebn m\u00eb t\u00eb r\u00ebnd\u00eb t\u00eb sigurimit, arrest n\u00eb burg ose arrest sht\u00ebpie.<\/p>\n<p><strong>K\u00ebrkesa e SPAK:<\/strong><\/p>\n<p>I nderuar z. Kryetar i Kuvendit,<\/p>\n<p>T\u00eb nderuar Deputet\u00eb t\u00eb Kuvendit,<br \/>\nTIRAN\u00cb<br \/>\nTIRAN\u00cb<br \/>\nMb\u00ebshtetur n\u00eb nenet 73, 95,103 t\u00eb Kushtetut\u00ebs s\u00eb Republik\u00ebs s\u00eb Shqip\u00ebris\u00eb, nenet 260, 288, 289 t\u00eb Kodit t\u00eb Procedur\u00ebs Penale, si dhe n\u00eb Rregulloren e Kuvendit t\u00eb Republik\u00ebs s\u00eb Shqip\u00ebris\u00eb, nenet 13 dhe 118, bashk\u00eblidhur ju p\u00ebrcjellim k\u00ebrkes\u00ebn p\u00ebr dh\u00ebnien e autorizimit nga Kuvendi i Republik\u00ebs s\u00eb Shqip\u00ebris\u00eb, p\u00ebr arrestimin\/heqjen e liris\u00eb s\u00eb deputetit\/ministrit\/z\u00ebvend\u00ebskryeministrit Belinda Balluku, n\u00ebp\u00ebrmjet z\u00ebvend\u00ebsimit t\u00eb mas\u00ebs s\u00eb sigurimit personal nga ajo e \u201cNdalimit t\u00eb daljes jasht\u00eb shtetit\u201d e parashikuar nga neni 233 i K.Pr.Penale dhe \u201cPezullimit t\u00eb ushtrimit t\u00eb nj\u00eb detyre a sh\u00ebrbimi publik\u201d, e parashikuar nga neni 242 i K.Pr.Penale, n\u00eb at\u00eb t\u00eb arrest n\u00eb burg\/n\u00eb sht\u00ebpi,<br \/>\nparashikuar nga nenet 238\/237 t\u00eb K.Pr.Penale, n\u00eb kuadrin e procedimit penal nr.136 t\u00eb vitit 2025, t\u00eb Prokuroris\u00eb s\u00eb Posa\u00e7me kund\u00ebr Korrupsionit dhe Krimit t\u00eb Organizuar.<br \/>\nGjithashtu, n\u00eb respektim t\u00eb nenit 288, pika 2, t\u00eb Kodit t\u00eb Procedur\u00ebs Penale, bashk\u00eblidhur gjeni relacionin e arsyetuar, t\u00eb shoq\u00ebruar me provat p\u00ebrkat\u00ebse, si dhe urdhrin p\u00ebr ruajtjen e sekretit hetimor dhe ndalimin e publikimit t\u00eb akteve, dat\u00eb 16.12.2025.<\/p>\n<figure class=\"wp-block-image\"><img decoding=\"async\" class=\"wp-image-708854\" src=\"https:\/\/euronews.al\/wp-content\/uploads\/2025\/12\/afasadgsgsgs.jpg\" alt=\"\" data-pin-no-hover=\"true\" \/><\/figure>\n","protected":false},"excerpt":{"rendered":"<p>SPAK i ka drejtuar Kuvendit t\u00eb Shqip\u00ebris\u00eb nj\u00eb k\u00ebrkes\u00eb zyrtare p\u00ebr dh\u00ebnien e autorizimit p\u00ebr arrestimin ose heqjen e liris\u00eb s\u00eb deputetes dhe ministres Belinda Balluku k\u00ebt\u00eb mart\u00eb. N\u00eb dokumentin drejtuar Kryetarit t\u00eb Kuvendit dhe deputet\u00ebve, SPAK b\u00ebn me dije se k\u00ebrkon z\u00ebvend\u00ebsimin e masave aktuale t\u00eb sigurimit personal, \u201cndalim i daljes jasht\u00eb shtetit\u201d dhe [&hellip;]<\/p>\n","protected":false},"author":5,"featured_media":94095,"comment_status":"closed","ping_status":"closed","sticky":false,"template":"","format":"standard","meta":{"footnotes":""},"categories":[1,6332,29228],"tags":[39362,39361],"class_list":{"0":"post-94094","1":"post","2":"type-post","3":"status-publish","4":"format-standard","5":"has-post-thumbnail","7":"category-aktualitet","8":"category-te-fundit","9":"category-vendi","10":"tag-e-ka-firmosur-dumani","11":"tag-foto-zbardhet-kerkesa-e-spak-drejtuar-kuvendit-per-ballukun"},"_links":{"self":[{"href":"https:\/\/jugulajm.net\/index.php?rest_route=\/wp\/v2\/posts\/94094","targetHints":{"allow":["GET"]}}],"collection":[{"href":"https:\/\/jugulajm.net\/index.php?rest_route=\/wp\/v2\/posts"}],"about":[{"href":"https:\/\/jugulajm.net\/index.php?rest_route=\/wp\/v2\/types\/post"}],"author":[{"embeddable":true,"href":"https:\/\/jugulajm.net\/index.php?rest_route=\/wp\/v2\/users\/5"}],"replies":[{"embeddable":true,"href":"https:\/\/jugulajm.net\/index.php?rest_route=%2Fwp%2Fv2%2Fcomments&post=94094"}],"version-history":[{"count":1,"href":"https:\/\/jugulajm.net\/index.php?rest_route=\/wp\/v2\/posts\/94094\/revisions"}],"predecessor-version":[{"id":94096,"href":"https:\/\/jugulajm.net\/index.php?rest_route=\/wp\/v2\/posts\/94094\/revisions\/94096"}],"wp:featuredmedia":[{"embeddable":true,"href":"https:\/\/jugulajm.net\/index.php?rest_route=\/wp\/v2\/media\/94095"}],"wp:attachment":[{"href":"https:\/\/jugulajm.net\/index.php?rest_route=%2Fwp%2Fv2%2Fmedia&parent=94094"}],"wp:term":[{"taxonomy":"category","embeddable":true,"href":"https:\/\/jugulajm.net\/index.php?rest_route=%2Fwp%2Fv2%2Fcategories&post=94094"},{"taxonomy":"post_tag","embeddable":true,"href":"https:\/\/jugulajm.net\/index.php?rest_route=%2Fwp%2Fv2%2Ftags&post=94094"}],"curies":[{"name":"wp","href":"https:\/\/api.w.org\/{rel}","templated":true}]}}